{"id":6807,"date":"2023-11-14T09:56:00","date_gmt":"2023-11-14T08:56:00","guid":{"rendered":"https:\/\/www.uwant.fr\/?p=6807"},"modified":"2024-05-24T16:41:03","modified_gmt":"2024-05-24T14:41:03","slug":"vers-une-agriculture-plus-vertueuse-les-ambitions-du-plan-ecophyto","status":"publish","type":"post","link":"https:\/\/www.lagriculteur.fr\/blog\/vers-une-agriculture-plus-vertueuse-les-ambitions-du-plan-ecophyto\/","title":{"rendered":"Vers une agriculture plus vertueuse: Les ambitions du Plan \u00c9cophyto"},"content":{"rendered":"\n<p class=\"wp-block-paragraph\">L&rsquo;agriculture d&rsquo;aujourd&rsquo;hui se trouve \u00e0 la crois\u00e9e des chemins, o\u00f9 l&rsquo;imp\u00e9ratif de la productivit\u00e9 doit s&rsquo;\u00e9quilibrer avec la pr\u00e9servation de la sant\u00e9 publique et la protection de l&rsquo;environnement. C&rsquo;est dans ce contexte que la France a articul\u00e9 ses ambitions \u00e0 travers le plan \u00c9cophyto, une strat\u00e9gie nationale audacieuse visant \u00e0 r\u00e9duire de mani\u00e8re significative l&rsquo;<a href=\"https:\/\/www.lagriculteur.fr\/blog\/le-futur-de-lagriculture-face-a-leventuel-arret-du-glyphosate\/\" data-type=\"post\" data-id=\"6860\">utilisation des produits phytopharmaceutiques<\/a>.&nbsp;<\/p>\n\n\n\n<h2 class=\"wp-block-heading\" id=\"ecophyto-ii-un-pas-de-geant-vers-la-reduction-des-pesticides\">\u00c9cophyto II+ : Un pas de g\u00e9ant vers la r\u00e9duction des pesticides<\/h2>\n\n\n\n<p class=\"wp-block-paragraph\">\u00c9cophyto II+, d\u00e9ploy\u00e9 avec l&rsquo;ambition de diminuer de 50% l&rsquo;usage des pesticides d&rsquo;ici 2025, a marqu\u00e9 une \u00e9tape d\u00e9terminante. Il n&rsquo;est pas seulement une r\u00e9ponse \u00e0 l&rsquo;appel citoyen pour une agriculture moins d\u00e9pendante en produits chimiques, mais aussi une n\u00e9cessit\u00e9 pour prot\u00e9ger la biodiversit\u00e9 et les \u00e9cosyst\u00e8mes qui nous sont vitaux.<\/p>\n\n\n\n<p class=\"wp-block-paragraph\">>> <strong><em><a href=\"https:\/\/www.lagriculteur.fr\/\">Parcourez notre s\u00e9lection de pi\u00e8ces de qualit\u00e9 pour vos \u00e9quipements de travail du sol sur lagriculteur.fr<\/a><\/em><\/strong><\/p>\n\n\n\n<p class=\"wp-block-paragraph\">Cette it\u00e9ration du plan vise sp\u00e9cifiquement <a href=\"https:\/\/www.lagriculteur.fr\/blog\/prolongation-du-glyphosate-en-europe-entre-controverses-et-necessites-agricoles\/\" data-type=\"post\" data-id=\"7260\">l&rsquo;\u00e9limination des substances les plus pr\u00e9occupantes<\/a> et soutient la transition vers le biocontr\u00f4le et les pr\u00e9parations naturelles peu pr\u00e9occupantes. L&rsquo;accent est \u00e9galement mis sur la pr\u00e9vention de l&rsquo;exposition des populations et sur l&rsquo;impact environnemental des pesticides. Le gouvernement fran\u00e7ais a d\u00e9montr\u00e9 son engagement par des investissements substantiels, avec une allocation annuelle de 71 millions d\u2019euros pour la mise en \u0153uvre nationale et r\u00e9gionale des actions d\u2019\u00c9cophyto.<\/p>\n\n\n\n<figure class=\"wp-block-image aligncenter size-full is-resized\"><img loading=\"lazy\" decoding=\"async\" width=\"686\" height=\"365\" src=\"https:\/\/www.lagriculteur.fr\/blog\/wp-content\/uploads\/2024\/03\/ecophyto.png\" alt=\"ecophyto\" class=\"wp-image-7897\" style=\"width:346px;height:auto\" srcset=\"https:\/\/www.lagriculteur.fr\/blog\/wp-content\/uploads\/2024\/03\/ecophyto.png 686w, https:\/\/www.lagriculteur.fr\/blog\/wp-content\/uploads\/2024\/03\/ecophyto-300x160.png 300w\" sizes=\"auto, (max-width: 686px) 100vw, 686px\" \/><\/figure>\n\n\n\n<h2 class=\"wp-block-heading\" id=\"ecophyto-2030-une-vision-proactive-pour-l-agriculture-de-demain\">\u00c9cophyto 2030 : Une vision proactive pour l&rsquo;agriculture de demain<\/h2>\n\n\n\n<p class=\"wp-block-paragraph\">\u00c0 l&rsquo;horizon, \u00c9cophyto 2030 prend le relais avec des objectifs renforc\u00e9s et une strat\u00e9gie qui embrasse pleinement le concept \u00ab\u00a0Une Seule Sant\u00e9\u00a0\u00bb. Cette future strat\u00e9gie nationale, maintient l&rsquo;objectif de r\u00e9duction de l&rsquo;usage des pesticides tout en prenant en compte les performances \u00e9conomiques et environnementales des exploitations agricoles, ainsi que la pr\u00e9servation de la sant\u00e9 publique.<\/p>\n\n\n\n<p class=\"wp-block-paragraph\">La nouvelle approche repose sur une acc\u00e9l\u00e9ration des solutions alternatives, \u00e0 la fois non-chimiques et chimiques, pr\u00e9parant ainsi le secteur \u00e0 d&rsquo;\u00e9ventuels retraits de substances actives. Cela se traduit par un soutien accru \u00e0 l&rsquo;innovation, la recherche et l&rsquo;adoption de pratiques d&rsquo;agro-\u00e9cologie, avec un budget d\u00e9di\u00e9 de 250 millions d&rsquo;euros et des financements suppl\u00e9mentaires envisag\u00e9s dans le cadre de France 2030.<\/p>\n\n\n\n<h2 class=\"wp-block-heading\" id=\"des-axes-strategiques-pour-une-transition-reussie\">Des axes strat\u00e9giques pour une transition r\u00e9ussie<\/h2>\n\n\n\n<p class=\"wp-block-paragraph\">Le plan \u00c9cophyto dans ses diverses phases se d\u00e9cline en axes strat\u00e9giques clairs :<\/p>\n\n\n\n<ul class=\"wp-block-list\">\n<li>Le retrait progressif des substances nocives, avec un accompagnement vers des alternatives durables.<\/li>\n\n\n\n<li>La promotion et la diffusion des innovations en mati\u00e8re de produits et de techniques respectueuses de l&rsquo;environnement.<\/li>\n\n\n\n<li>Un soutien fort \u00e0 la recherche pour approfondir nos connaissances sur les impacts des pesticides et sur les solutions de substitution.<\/li>\n\n\n\n<li>Une transition accompagn\u00e9e pour les agriculteurs, en leur fournissant \u00e0 la fois soutien technique et financier.<\/li>\n\n\n\n<li>L&rsquo;implication de tous les acteurs de la cha\u00eene agricole, de la production \u00e0 la distribution, afin de promouvoir les principes de protection int\u00e9gr\u00e9e des cultures.<\/li>\n<\/ul>\n\n\n\n<p class=\"wp-block-paragraph\">Retrouvez toutes les nouvelles des actualit\u00e9s agricoles dans notre s\u00e9rie <em>Actualit\u00e9s<\/em> du blog l\u2019agriculteur.fr<\/p>\n\n\n\n<div style=\"position:relative;padding-bottom:56.25%;height:0;overflow:hidden;\"> <iframe loading=\"lazy\" style=\"width:100%;height:100%;position:absolute;left:0px;top:0px;overflow:hidden\" frameborder=\"0\" type=\"text\/html\" src=\"https:\/\/www.dailymotion.com\/embed\/video\/x6fx2gc?autoplay=1\" width=\"100%\" height=\"100%\" allowfullscreen title=\"Dailymotion Video Player\" allow=\"autoplay\"> <\/iframe> <\/div>\n","protected":false},"excerpt":{"rendered":"<p>L&rsquo;agriculture d&rsquo;aujourd&rsquo;hui se trouve \u00e0 la crois\u00e9e des chemins, o\u00f9 l&rsquo;imp\u00e9ratif de la productivit\u00e9 doit s&rsquo;\u00e9quilibrer avec la pr\u00e9servation de la sant\u00e9 publique et la protection de l&rsquo;environnement. C&rsquo;est dans ce contexte que la France a articul\u00e9 ses ambitions \u00e0 travers le plan \u00c9cophyto, une strat\u00e9gie nationale audacieuse visant \u00e0 r\u00e9duire de mani\u00e8re significative l&rsquo;utilisation [&hellip;]<\/p>\n","protected":false},"author":8,"featured_media":6810,"comment_status":"open","ping_status":"open","sticky":false,"template":"","format":"standard","meta":{"_acf_changed":false,"_seopress_titles_title":"","_seopress_titles_desc":"","_seopress_robots_index":"","_seopress_robots_follow":"","_seopress_robots_imageindex":"","_seopress_robots_snippet":"","_seopress_robots_primary_cat":"358","_seopress_robots_breadcrumbs":"","_seopress_robots_freeze_modified_date":"","_seopress_robots_custom_modified_date":"","_seopress_robots_canonical":"","_seopress_social_fb_title":"","_seopress_social_fb_desc":"","_seopress_social_fb_img":"","_seopress_social_fb_img_attachment_id":0,"_seopress_social_fb_img_width":0,"_seopress_social_fb_img_height":0,"_seopress_social_twitter_title":"","_seopress_social_twitter_desc":"","_seopress_social_twitter_img":"","_seopress_social_twitter_img_attachment_id":0,"_seopress_social_twitter_img_width":0,"_seopress_social_twitter_img_height":0,"_seopress_redirections_value":"","_seopress_redirections_enabled":"","_seopress_redirections_enabled_regex":"","_seopress_redirections_logged_status":"both","_seopress_redirections_param":"","_seopress_redirections_type":301,"_seopress_analysis_target_kw":"","_seopress_news_disabled":"","_seopress_video_disabled":"","_seopress_video":[],"_seopress_pro_schemas_manual":[],"_seopress_pro_rich_snippets_disable_all":"","_seopress_pro_rich_snippets_disable":[],"_seopress_pro_schemas":[],"_gspb_post_css":"","footnotes":""},"categories":[359,358],"tags":[],"libelle":[30,360,34,35],"class_list":["post-6807","post","type-post","status-publish","format-standard","has-post-thumbnail","category-actualites","category-technologies-et-innovations","libelle-a-la-une","libelle-en-avant","libelle-news","libelle-zoom"],"blocksy_meta":{"styles_descriptor":{"styles":{"desktop":"","tablet":"","mobile":""},"google_fonts":[],"version":7}},"acf":[],"_links":{"self":[{"href":"https:\/\/www.lagriculteur.fr\/blog\/wp-json\/wp\/v2\/posts\/6807","targetHints":{"allow":["GET"]}}],"collection":[{"href":"https:\/\/www.lagriculteur.fr\/blog\/wp-json\/wp\/v2\/posts"}],"about":[{"href":"https:\/\/www.lagriculteur.fr\/blog\/wp-json\/wp\/v2\/types\/post"}],"author":[{"embeddable":true,"href":"https:\/\/www.lagriculteur.fr\/blog\/wp-json\/wp\/v2\/users\/8"}],"replies":[{"embeddable":true,"href":"https:\/\/www.lagriculteur.fr\/blog\/wp-json\/wp\/v2\/comments?post=6807"}],"version-history":[{"count":4,"href":"https:\/\/www.lagriculteur.fr\/blog\/wp-json\/wp\/v2\/posts\/6807\/revisions"}],"predecessor-version":[{"id":8544,"href":"https:\/\/www.lagriculteur.fr\/blog\/wp-json\/wp\/v2\/posts\/6807\/revisions\/8544"}],"wp:featuredmedia":[{"embeddable":true,"href":"https:\/\/www.lagriculteur.fr\/blog\/wp-json\/wp\/v2\/media\/6810"}],"wp:attachment":[{"href":"https:\/\/www.lagriculteur.fr\/blog\/wp-json\/wp\/v2\/media?parent=6807"}],"wp:term":[{"taxonomy":"category","embeddable":true,"href":"https:\/\/www.lagriculteur.fr\/blog\/wp-json\/wp\/v2\/categories?post=6807"},{"taxonomy":"post_tag","embeddable":true,"href":"https:\/\/www.lagriculteur.fr\/blog\/wp-json\/wp\/v2\/tags?post=6807"},{"taxonomy":"libelle","embeddable":true,"href":"https:\/\/www.lagriculteur.fr\/blog\/wp-json\/wp\/v2\/libelle?post=6807"}],"curies":[{"name":"wp","href":"https:\/\/api.w.org\/{rel}","templated":true}]}}