{"id":6860,"date":"2023-11-07T12:45:24","date_gmt":"2023-11-07T11:45:24","guid":{"rendered":"https:\/\/www.uwant.fr\/?p=6860"},"modified":"2024-05-24T16:12:35","modified_gmt":"2024-05-24T14:12:35","slug":"le-futur-de-lagriculture-face-a-leventuel-arret-du-glyphosate","status":"publish","type":"post","link":"https:\/\/www.lagriculteur.fr\/blog\/le-futur-de-lagriculture-face-a-leventuel-arret-du-glyphosate\/","title":{"rendered":"Le futur de l&rsquo;agriculture face \u00e0 l&rsquo;\u00e9ventuel arr\u00eat du glyphosate"},"content":{"rendered":"\n<p class=\"wp-block-paragraph\">Dans le paysage agricole, le glyphosate a longtemps \u00e9t\u00e9 un acteur central, un outil devenu presque indispensable pour de nombreux agriculteurs. Cette mol\u00e9cule, efficace dans la lutte contre les adventices, a permis de simplifier la gestion des cultures et de diminuer les co\u00fbts. Toutefois, la balance des avantages et des inconv\u00e9nients du glyphosate penche d\u00e9sormais vers un imp\u00e9ratif de r\u00e9\u00e9valuation, notamment en raison de ses impacts potentiels sur la sant\u00e9 et l&rsquo;environnement.<\/p>\n\n\n\n<h2 class=\"wp-block-heading\" id=\"la-bretagne-laboratoire-d-une-transition-possible\">La Bretagne, laboratoire d&rsquo;une transition possible ?<\/h2>\n\n\n\n<p class=\"wp-block-paragraph\">L&rsquo;initiative bretonne, port\u00e9e par Lo\u00efg Chesnais-Girard, propose de transformer la r\u00e9gion en un terrain d&rsquo;exp\u00e9rimentation pour le retrait total du glyphosate. Cette d\u00e9marche souligne la volont\u00e9 politique de trouver des alternatives durables, mais elle soul\u00e8ve aussi des questions l\u00e9gitimes, notamment sur le plan financier et technique.<\/p>\n\n\n\n<p class=\"wp-block-paragraph\">La r\u00e9action mitig\u00e9e des syndicats agricoles refl\u00e8te les dilemmes auxquels les agriculteurs sont confront\u00e9s. D&rsquo;une part, l&rsquo;am\u00e9lioration du bilan carbone est une priorit\u00e9, et de l&rsquo;autre, l&rsquo;\u00e9limination du glyphosate pourrait imposer un retour \u00e0 des pratiques plus \u00e9nergivores, comme le labour. La Chambre d&rsquo;Agriculture de Bretagne souligne cette contradiction, tout en reconnaissant l&rsquo;importance de la recherche pour r\u00e9duire la d\u00e9pendance aux phytosanitaires.<\/p>\n\n\n\n<h2 class=\"wp-block-heading\" id=\"des-reactions-partagees-dans-le-monde-agricole\">Des r\u00e9actions partag\u00e9es dans le monde agricole<\/h2>\n\n\n\n<p class=\"wp-block-paragraph\">La Conf\u00e9d\u00e9ration paysanne accueille cette initiative avec optimisme mais reste prudente quant aux d\u00e9tails de sa mise en \u0153uvre. \u00c0 l&rsquo;oppos\u00e9, la FNSEA et la Coordination rurale montrent des signes de r\u00e9sistance. Ils soulignent l&rsquo;incoh\u00e9rence apparente entre la volont\u00e9 d&rsquo;am\u00e9liorer les bilans carbones et la suppression d&rsquo;un outil qui permet de limiter les labours, \u00e9conomisant ainsi du carburant et r\u00e9duisant les \u00e9missions de CO2.<\/p>\n\n\n\n<p class=\"wp-block-paragraph\">L&rsquo;argument technique contre l&rsquo;arr\u00eat imm\u00e9diat du glyphosate est soutenu par la Chambre d&rsquo;agriculture de Bretagne, o\u00f9 le pr\u00e9sident Andr\u00e9 Sergent a exprim\u00e9 des pr\u00e9occupations. Les recherches men\u00e9es dans la r\u00e9gion depuis les ann\u00e9es 2000 ont bien progress\u00e9 vers la r\u00e9duction de l&rsquo;usage des phytosanitaires, mais les alternatives compl\u00e8tes restent insuffisantes, en particulier pour les techniques culturales sans labour (TCS).<\/p>\n\n\n\n<p class=\"wp-block-paragraph\">Voir aussi : <a href=\"https:\/\/www.lagriculteur.fr\/blog\/prolongation-du-glyphosate-en-europe-entre-controverses-et-necessites-agricoles\/\" data-type=\"post\" data-id=\"7260\">Prolongation du Glyphosate en Europe : entre controverses et n\u00e9cessit\u00e9s agricoles<\/a><\/p>\n\n\n\n<h2 class=\"wp-block-heading\" id=\"l-europe-face-au-glyphosate\">L&rsquo;Europe face au glyphosate<\/h2>\n\n\n\n<p class=\"wp-block-paragraph\">La Commission europ\u00e9enne, apr\u00e8s un rapport de l&rsquo;Autorit\u00e9 europ\u00e9enne de s\u00e9curit\u00e9 des aliments (EFSA) d\u00e9clarant le glyphosate sans \u00ab\u00a0domaine critique de pr\u00e9occupation\u00a0\u00bb, envisage de renouveler son autorisation. Toutefois, la d\u00e9cision n\u2019est pas unanime parmi les \u00c9tats membres, la France s\u2019\u00e9tant abstenue lors d\u2019un vote crucial, demandant des conditions plus strictes et refl\u00e9tant une volont\u00e9 de r\u00e9duire son utilisation.<\/p>\n\n\n\n<figure class=\"wp-block-image size-full is-resized\"><img loading=\"lazy\" decoding=\"async\" width=\"510\" height=\"315\" src=\"https:\/\/www.lagriculteur.fr\/blog\/wp-content\/uploads\/2024\/05\/glyphosate.png\" alt=\"glyphosate\" class=\"wp-image-8534\" style=\"width:312px;height:auto\" srcset=\"https:\/\/www.lagriculteur.fr\/blog\/wp-content\/uploads\/2024\/05\/glyphosate.png 510w, https:\/\/www.lagriculteur.fr\/blog\/wp-content\/uploads\/2024\/05\/glyphosate-300x185.png 300w\" sizes=\"auto, (max-width: 510px) 100vw, 510px\" \/><\/figure>\n\n\n\n<h2 class=\"wp-block-heading\" id=\"des-impacts-sanitaires-non-negligeables\">Des impacts sanitaires non n\u00e9gligeables<\/h2>\n\n\n\n<p class=\"wp-block-paragraph\">Cet herbicide, introduit par Monsanto dans les ann\u00e9es 1970, a jou\u00e9 un r\u00f4le central dans l&rsquo;\u00e9volution des pratiques agricoles. Sa capacit\u00e9 \u00e0 \u00e9liminer les mauvaises herbes sans endommager les cultures est ind\u00e9niable. Cependant, l&rsquo;histoire de Th\u00e9o en France, un enfant n\u00e9 avec des malformations cong\u00e9nitales potentiellement li\u00e9es \u00e0 l&rsquo;exposition au glyphosate, a mis en lumi\u00e8re les risques pour la sant\u00e9 humaine et a aliment\u00e9 le d\u00e9bat public et la controverse.<\/p>\n\n\n\n<h2 class=\"wp-block-heading\" id=\"un-futur-sans-glyphosate\">Un futur sans glyphosate ?<\/h2>\n\n\n\n<p class=\"wp-block-paragraph\">L&rsquo;agriculture se trouve \u00e0 la crois\u00e9e des chemins, et la question du glyphosate cristallise les tensions entre progr\u00e8s techniques et imp\u00e9ratifs \u00e9cologiques. La transition vers un mod\u00e8le agricole plus durable est complexe et n\u00e9cessite une r\u00e9flexion globale incluant des soutiens financiers, techniques et \u00e9ducatifs. Le cas de la Bretagne pourrait devenir un exemple \u00e0 suivre, \u00e0 condition de conjuguer les efforts de tous les acteurs concern\u00e9s pour transformer l&rsquo;essai en succ\u00e8s durable.<\/p>\n\n\n\n<p class=\"wp-block-paragraph\"><a href=\"https:\/\/www.lagriculteur.fr\/\">Visitez notre boutique en ligne pour trouver des pi\u00e8ces de rechange pour vos \u00e9quipements de taille sur lagriculteur.fr<\/a><\/p>\n","protected":false},"excerpt":{"rendered":"<p>Dans le paysage agricole, le glyphosate a longtemps \u00e9t\u00e9 un acteur central, un outil devenu presque indispensable pour de nombreux agriculteurs. Cette mol\u00e9cule, efficace dans la lutte contre les adventices, a permis de simplifier la gestion des cultures et de diminuer les co\u00fbts. Toutefois, la balance des avantages et des inconv\u00e9nients du glyphosate penche d\u00e9sormais [&hellip;]<\/p>\n","protected":false},"author":6,"featured_media":7038,"comment_status":"open","ping_status":"open","sticky":false,"template":"","format":"standard","meta":{"_acf_changed":false,"_seopress_titles_title":"","_seopress_titles_desc":"","_seopress_robots_index":"","_seopress_robots_follow":"","_seopress_robots_imageindex":"","_seopress_robots_snippet":"","_seopress_robots_primary_cat":"none","_seopress_robots_breadcrumbs":"","_seopress_robots_freeze_modified_date":"","_seopress_robots_custom_modified_date":"","_seopress_robots_canonical":"","_seopress_social_fb_title":"","_seopress_social_fb_desc":"","_seopress_social_fb_img":"","_seopress_social_fb_img_attachment_id":0,"_seopress_social_fb_img_width":0,"_seopress_social_fb_img_height":0,"_seopress_social_twitter_title":"","_seopress_social_twitter_desc":"","_seopress_social_twitter_img":"","_seopress_social_twitter_img_attachment_id":0,"_seopress_social_twitter_img_width":0,"_seopress_social_twitter_img_height":0,"_seopress_redirections_value":"","_seopress_redirections_enabled":"","_seopress_redirections_enabled_regex":"","_seopress_redirections_logged_status":"both","_seopress_redirections_param":"","_seopress_redirections_type":301,"_seopress_analysis_target_kw":"","_seopress_news_disabled":"","_seopress_video_disabled":"","_seopress_video":[],"_seopress_pro_schemas_manual":[],"_seopress_pro_rich_snippets_disable_all":"","_seopress_pro_rich_snippets_disable":[],"_seopress_pro_schemas":[],"_gspb_post_css":"","footnotes":""},"categories":[359],"tags":[],"libelle":[],"class_list":["post-6860","post","type-post","status-publish","format-standard","has-post-thumbnail","category-actualites"],"blocksy_meta":{"styles_descriptor":{"styles":{"desktop":"","tablet":"","mobile":""},"google_fonts":[],"version":7}},"acf":[],"_links":{"self":[{"href":"https:\/\/www.lagriculteur.fr\/blog\/wp-json\/wp\/v2\/posts\/6860","targetHints":{"allow":["GET"]}}],"collection":[{"href":"https:\/\/www.lagriculteur.fr\/blog\/wp-json\/wp\/v2\/posts"}],"about":[{"href":"https:\/\/www.lagriculteur.fr\/blog\/wp-json\/wp\/v2\/types\/post"}],"author":[{"embeddable":true,"href":"https:\/\/www.lagriculteur.fr\/blog\/wp-json\/wp\/v2\/users\/6"}],"replies":[{"embeddable":true,"href":"https:\/\/www.lagriculteur.fr\/blog\/wp-json\/wp\/v2\/comments?post=6860"}],"version-history":[{"count":2,"href":"https:\/\/www.lagriculteur.fr\/blog\/wp-json\/wp\/v2\/posts\/6860\/revisions"}],"predecessor-version":[{"id":8535,"href":"https:\/\/www.lagriculteur.fr\/blog\/wp-json\/wp\/v2\/posts\/6860\/revisions\/8535"}],"wp:featuredmedia":[{"embeddable":true,"href":"https:\/\/www.lagriculteur.fr\/blog\/wp-json\/wp\/v2\/media\/7038"}],"wp:attachment":[{"href":"https:\/\/www.lagriculteur.fr\/blog\/wp-json\/wp\/v2\/media?parent=6860"}],"wp:term":[{"taxonomy":"category","embeddable":true,"href":"https:\/\/www.lagriculteur.fr\/blog\/wp-json\/wp\/v2\/categories?post=6860"},{"taxonomy":"post_tag","embeddable":true,"href":"https:\/\/www.lagriculteur.fr\/blog\/wp-json\/wp\/v2\/tags?post=6860"},{"taxonomy":"libelle","embeddable":true,"href":"https:\/\/www.lagriculteur.fr\/blog\/wp-json\/wp\/v2\/libelle?post=6860"}],"curies":[{"name":"wp","href":"https:\/\/api.w.org\/{rel}","templated":true}]}}