{"id":6865,"date":"2023-11-06T12:47:27","date_gmt":"2023-11-06T11:47:27","guid":{"rendered":"https:\/\/www.uwant.fr\/?p=6865"},"modified":"2024-05-24T16:10:18","modified_gmt":"2024-05-24T14:10:18","slug":"vers-un-horizon-vert-la-fin-progressive-de-la-defiscalisation-du-gazole-en-agriculture","status":"publish","type":"post","link":"https:\/\/www.lagriculteur.fr\/blog\/vers-un-horizon-vert-la-fin-progressive-de-la-defiscalisation-du-gazole-en-agriculture\/","title":{"rendered":"Vers un Horizon Vert : La fin progressive de la d\u00e9fiscalisation du gazole en agriculture"},"content":{"rendered":"\n<p class=\"wp-block-paragraph\">Le secteur agricole est \u00e0 l&rsquo;aube d&rsquo;une transformation significative. La suppression annonc\u00e9e de la d\u00e9taxe sur le gazole pour les agriculteurs repr\u00e9sente un pivot majeur, qui vise \u00e0 remplacer une fiscalit\u00e9 avantageant les \u00e9nergies fossiles, d\u00e9sormais consid\u00e9r\u00e9e comme \u00ab\u00a0brune\u00a0\u00bb, par une incitation \u00e0 l&rsquo;investissement dans le domaine des \u00e9nergies renouvelables et des pratiques agricoles durables.<\/p>\n\n\n\n<p class=\"wp-block-paragraph\">Le Ministre de l&rsquo;\u00c9conomie, Bruno Le Maire, a introduit une perspective de changement progressif, s&rsquo;\u00e9talant jusqu&rsquo;\u00e0 2030, afin d&rsquo;\u00e9viter un impact abrupt sur le secteur. Cette mesure, qui vise \u00e0 encourager la mutation \u00e9cologique, suscite une r\u00e9action mitig\u00e9e au sein de la communaut\u00e9 agricole.<\/p>\n\n\n\n<p class=\"wp-block-paragraph\">La comp\u00e9titivit\u00e9 reste le ma\u00eetre mot, et les inqui\u00e9tudes sont palpables. Selon Arnaud Rousseau, pr\u00e9sident du syndicat agricole FNSEA, la transition doit s&rsquo;accompagner de solutions viables. Il souligne que la disparition soudaine de cet avantage fiscal, sans alternatives ad\u00e9quates, pourrait porter pr\u00e9judice \u00e0 la comp\u00e9titivit\u00e9 de l&rsquo;agriculture fran\u00e7aise.<\/p>\n\n\n\n<p class=\"wp-block-paragraph\">\u00c0 l&rsquo;oppos\u00e9, le secteur des transports routiers conserve son r\u00e9gime fiscal en raison d&rsquo;une taxation d\u00e9j\u00e0 \u00e9lev\u00e9e compar\u00e9e aux standards europ\u00e9ens, refl\u00e9tant une approche diff\u00e9renci\u00e9e en fonction des secteurs.<\/p>\n\n\n\n<p class=\"wp-block-paragraph\">Le gouvernement se montre conscient de la n\u00e9cessit\u00e9 d&rsquo;accompagner ce changement. En effet, la fin de la d\u00e9fiscalisation sera compens\u00e9e par un soutien destin\u00e9 \u00e0 faciliter la transition vers des alternatives plus \u00e9cologiques. Marc Fesneau, Ministre de l&rsquo;Agriculture, affirme que les fonds r\u00e9sultant de la r\u00e9duction de l&rsquo;avantage fiscal seront r\u00e9investis dans le secteur agricole.<\/p>\n\n\n\n<p class=\"wp-block-paragraph\">Le <a href=\"https:\/\/www.lagriculteur.fr\/blog\/seederal-revolutionner-lagriculture-avec-le-premier-tracteur-electrique-francais\/\" data-type=\"post\" data-id=\"7813\">gazole non routier (GNR)<\/a> repr\u00e9sente actuellement un soutien financier consid\u00e9rable pour le secteur agricole et les travaux publics, avec respectivement 1,3 et 1,1 milliard d&rsquo;euros d&rsquo;aides. La transition \u00e9cologique \u00e9tant une priorit\u00e9, il est devenu imp\u00e9ratif de revoir ces chiffres \u00e0 la baisse pour encourager les \u00e9nergies propres.<\/p>\n\n\n\n<figure class=\"wp-block-image aligncenter size-large is-resized\"><img loading=\"lazy\" decoding=\"async\" width=\"1002\" height=\"1024\" src=\"https:\/\/www.lagriculteur.fr\/blog\/wp-content\/uploads\/2024\/05\/engin-akyurt-nipgfe8mwb8-unsplash-1-1002x1024.jpg\" alt=\"engin akyurt nipgfe8mwb8 unsplash 1\" class=\"wp-image-8015\" style=\"width:249px;height:auto\" srcset=\"https:\/\/www.lagriculteur.fr\/blog\/wp-content\/uploads\/2024\/05\/engin-akyurt-nipgfe8mwb8-unsplash-1-1002x1024.jpg 1002w, https:\/\/www.lagriculteur.fr\/blog\/wp-content\/uploads\/2024\/05\/engin-akyurt-nipgfe8mwb8-unsplash-1-294x300.jpg 294w, https:\/\/www.lagriculteur.fr\/blog\/wp-content\/uploads\/2024\/05\/engin-akyurt-nipgfe8mwb8-unsplash-1-768x785.jpg 768w, https:\/\/www.lagriculteur.fr\/blog\/wp-content\/uploads\/2024\/05\/engin-akyurt-nipgfe8mwb8-unsplash-1-1503x1536.jpg 1503w, https:\/\/www.lagriculteur.fr\/blog\/wp-content\/uploads\/2024\/05\/engin-akyurt-nipgfe8mwb8-unsplash-1-2004x2048.jpg 2004w\" sizes=\"auto, (max-width: 1002px) 100vw, 1002px\" \/><\/figure>\n\n\n\n<p class=\"wp-block-paragraph\">La feuille de route est donc \u00e9tablie : d\u00e8s 2024, la d\u00e9taxe sur le GNR sera r\u00e9duite de 5 %. Cette premi\u00e8re \u00e9tape, bien que modeste en termes de montants \u2013 estim\u00e9s entre 60 et 70 millions d&rsquo;euros \u2013, marque une orientation r\u00e9solue vers le changement.<\/p>\n\n\n\n<p class=\"wp-block-paragraph\">Retrouvez \u00e9galement l&rsquo;article &gt;&gt; <a href=\"https:\/\/www.lagriculteur.fr\/blog\/le-pacte-dorientation-et-davenir-agricoles-une-vision-novatrice-pour-lagriculture-francaise\/\">Le Pacte d\u2019Orientation et d\u2019Avenir Agricoles : Une vision novatrice pour l\u2019Agriculture Fran\u00e7aise<\/a><\/p>\n\n\n\n<p class=\"wp-block-paragraph\">L&rsquo;enjeu est de taille : il ne s&rsquo;agit pas seulement d&rsquo;une question budg\u00e9taire, mais d&rsquo;une r\u00e9orientation fondamentale des pratiques agricoles, dans un contexte de r\u00e9chauffement climatique et de d\u00e9clin de la biodiversit\u00e9. C&rsquo;est une invitation \u00e0 innover, \u00e0 adopter des tracteurs fonctionnant avec des carburants alternatifs, \u00e0 investir dans des technologies vertes et \u00e0 repenser les mod\u00e8les de production.<\/p>\n\n\n\n<p class=\"wp-block-paragraph\">L&rsquo;annonce faite par le Ministre Le Maire n&rsquo;est pas un point final, mais plut\u00f4t le d\u00e9but d&rsquo;une discussion entre les parties prenantes. La visite prochaine du pr\u00e9sident de la FNSEA \u00e0 Bercy t\u00e9moigne de l&rsquo;ouverture au dialogue pour une transition \u00e9quitable et r\u00e9aliste.<\/p>\n\n\n\n<p class=\"wp-block-paragraph\">Cet ajustement fiscal, s&rsquo;il est bien orchestr\u00e9, pourrait devenir un moteur de d\u00e9veloppement durable pour l&rsquo;agriculture fran\u00e7aise. Les d\u00e9fis sont importants, mais la volont\u00e9 de trouver un terrain d&rsquo;entente semble partag\u00e9e. Il est essentiel que ce passage du \u00ab\u00a0brun\u00a0\u00bb au \u00ab\u00a0vert\u00a0\u00bb s&rsquo;effectue en douceur, sans sacrifier l&rsquo;efficacit\u00e9 ni la p\u00e9rennit\u00e9 du secteur agricole, pilier de la culture et de l&rsquo;\u00e9conomie fran\u00e7aises.<\/p>\n\n\n\n<p class=\"wp-block-paragraph\"><a href=\"https:\/\/www.lagriculteur.fr\/\">Visitez notre boutique en ligne pour trouver des pi\u00e8ces de rechange pour vos \u00e9quipements de taille sur lagriculteur.fr<\/a><\/p>\n","protected":false},"excerpt":{"rendered":"<p>Le secteur agricole est \u00e0 l&rsquo;aube d&rsquo;une transformation significative. La suppression annonc\u00e9e de la d\u00e9taxe sur le gazole pour les agriculteurs repr\u00e9sente un pivot majeur, qui vise \u00e0 remplacer une fiscalit\u00e9 avantageant les \u00e9nergies fossiles, d\u00e9sormais consid\u00e9r\u00e9e comme \u00ab\u00a0brune\u00a0\u00bb, par une incitation \u00e0 l&rsquo;investissement dans le domaine des \u00e9nergies renouvelables et des pratiques agricoles durables. [&hellip;]<\/p>\n","protected":false},"author":6,"featured_media":6868,"comment_status":"open","ping_status":"open","sticky":false,"template":"","format":"standard","meta":{"_acf_changed":false,"_seopress_titles_title":"","_seopress_titles_desc":"","_seopress_robots_index":"","_seopress_robots_follow":"","_seopress_robots_imageindex":"","_seopress_robots_snippet":"","_seopress_robots_primary_cat":"none","_seopress_robots_breadcrumbs":"","_seopress_robots_freeze_modified_date":"","_seopress_robots_custom_modified_date":"","_seopress_robots_canonical":"","_seopress_social_fb_title":"","_seopress_social_fb_desc":"","_seopress_social_fb_img":"","_seopress_social_fb_img_attachment_id":0,"_seopress_social_fb_img_width":0,"_seopress_social_fb_img_height":0,"_seopress_social_twitter_title":"","_seopress_social_twitter_desc":"","_seopress_social_twitter_img":"","_seopress_social_twitter_img_attachment_id":0,"_seopress_social_twitter_img_width":0,"_seopress_social_twitter_img_height":0,"_seopress_redirections_value":"","_seopress_redirections_enabled":"","_seopress_redirections_enabled_regex":"","_seopress_redirections_logged_status":"both","_seopress_redirections_param":"","_seopress_redirections_type":301,"_seopress_analysis_target_kw":"","_seopress_news_disabled":"","_seopress_video_disabled":"","_seopress_video":[],"_seopress_pro_schemas_manual":[],"_seopress_pro_rich_snippets_disable_all":"","_seopress_pro_rich_snippets_disable":[],"_seopress_pro_schemas":[],"_gspb_post_css":"","footnotes":""},"categories":[359],"tags":[],"libelle":[],"class_list":["post-6865","post","type-post","status-publish","format-standard","has-post-thumbnail","category-actualites"],"blocksy_meta":{"styles_descriptor":{"styles":{"desktop":"","tablet":"","mobile":""},"google_fonts":[],"version":7}},"acf":[],"_links":{"self":[{"href":"https:\/\/www.lagriculteur.fr\/blog\/wp-json\/wp\/v2\/posts\/6865","targetHints":{"allow":["GET"]}}],"collection":[{"href":"https:\/\/www.lagriculteur.fr\/blog\/wp-json\/wp\/v2\/posts"}],"about":[{"href":"https:\/\/www.lagriculteur.fr\/blog\/wp-json\/wp\/v2\/types\/post"}],"author":[{"embeddable":true,"href":"https:\/\/www.lagriculteur.fr\/blog\/wp-json\/wp\/v2\/users\/6"}],"replies":[{"embeddable":true,"href":"https:\/\/www.lagriculteur.fr\/blog\/wp-json\/wp\/v2\/comments?post=6865"}],"version-history":[{"count":2,"href":"https:\/\/www.lagriculteur.fr\/blog\/wp-json\/wp\/v2\/posts\/6865\/revisions"}],"predecessor-version":[{"id":8533,"href":"https:\/\/www.lagriculteur.fr\/blog\/wp-json\/wp\/v2\/posts\/6865\/revisions\/8533"}],"wp:featuredmedia":[{"embeddable":true,"href":"https:\/\/www.lagriculteur.fr\/blog\/wp-json\/wp\/v2\/media\/6868"}],"wp:attachment":[{"href":"https:\/\/www.lagriculteur.fr\/blog\/wp-json\/wp\/v2\/media?parent=6865"}],"wp:term":[{"taxonomy":"category","embeddable":true,"href":"https:\/\/www.lagriculteur.fr\/blog\/wp-json\/wp\/v2\/categories?post=6865"},{"taxonomy":"post_tag","embeddable":true,"href":"https:\/\/www.lagriculteur.fr\/blog\/wp-json\/wp\/v2\/tags?post=6865"},{"taxonomy":"libelle","embeddable":true,"href":"https:\/\/www.lagriculteur.fr\/blog\/wp-json\/wp\/v2\/libelle?post=6865"}],"curies":[{"name":"wp","href":"https:\/\/api.w.org\/{rel}","templated":true}]}}