{"id":6870,"date":"2023-11-03T12:50:08","date_gmt":"2023-11-03T11:50:08","guid":{"rendered":"https:\/\/www.uwant.fr\/?p=6870"},"modified":"2024-05-24T16:08:51","modified_gmt":"2024-05-24T14:08:51","slug":"la-recolte-de-tournesol-2023-entre-reussite-et-defis-climatiques","status":"publish","type":"post","link":"https:\/\/www.lagriculteur.fr\/blog\/la-recolte-de-tournesol-2023-entre-reussite-et-defis-climatiques\/","title":{"rendered":"La r\u00e9colte de tournesol 2023 : Entre r\u00e9ussite et d\u00e9fis climatiques"},"content":{"rendered":"\n<p class=\"wp-block-paragraph\">La r\u00e9colte de tournesol est un \u00e9v\u00e9nement crucial dans le calendrier agricole, et celle de 2023 n&rsquo;a pas fait exception. Au contraire, cette ann\u00e9e a marqu\u00e9 une augmentation notable par rapport aux ann\u00e9es pr\u00e9c\u00e9dentes, renfor\u00e7ant la position du tournesol comme l&rsquo;une des cultures les plus r\u00e9silientes et adapt\u00e9es au changement climatique.<\/p>\n\n\n\n<h2 class=\"wp-block-heading\" id=\"un-bilan-positif\">Un bilan positif<\/h2>\n\n\n\n<p class=\"wp-block-paragraph\">2023 a \u00e9t\u00e9 une ann\u00e9e record pour la r\u00e9colte du tournesol avec une production totale de 2,2 millions de tonnes de graines, contre 1,7 million en 2022. Cette augmentation consid\u00e9rable t\u00e9moigne de la capacit\u00e9 d&rsquo;adaptation des agriculteurs et de la r\u00e9silience du tournesol face \u00e0 des conditions climatiques changeantes. Selon les estimations, le rendement moyen s&rsquo;est \u00e9lev\u00e9 \u00e0 26 q\/ha, flirtant avec le record de 2021 de 28 q\/ha.<\/p>\n\n\n\n<h2 class=\"wp-block-heading\" id=\"des-conditions-meteorologiques-variees\">Des conditions m\u00e9t\u00e9orologiques vari\u00e9es<\/h2>\n\n\n\n<p class=\"wp-block-paragraph\">Le succ\u00e8s de cette r\u00e9colte ne s&rsquo;est pas fait sans d\u00e9fis. Des <a href=\"https:\/\/www.lagriculteur.fr\/blog\/apercu-des-differentes-techniques-de-semis-souspaillage-strip-till-et-semis-direct\/\" data-type=\"post\" data-id=\"7157\">semis<\/a> tardifs dus \u00e0 un climat frais et humide ont marqu\u00e9 le d\u00e9but de la saison. Heureusement, la fin du cycle a b\u00e9n\u00e9fici\u00e9 de conditions climatiques favorables, notamment une alternance de chaleurs intenses et de pr\u00e9cipitations, ce qui a permis une bonne maturation des plantes.<\/p>\n\n\n\n<p class=\"wp-block-paragraph\">Cependant, malgr\u00e9 ces conditions g\u00e9n\u00e9ralement favorables, certaines r\u00e9gions ont subi des orages violents au printemps, affectant le rendement. De plus, une attention particuli\u00e8re a d\u00fb \u00eatre accord\u00e9e aux attaques d&rsquo;oiseaux, notamment dans les n\u00e9obassins, et aux d\u00e9g\u00e2ts caus\u00e9s par les ravageurs du sol, en hausse par rapport \u00e0 l&rsquo;ann\u00e9e pr\u00e9c\u00e9dente.<\/p>\n\n\n\n<figure class=\"wp-block-image aligncenter size-large is-resized\"><img loading=\"lazy\" decoding=\"async\" width=\"1024\" height=\"682\" src=\"https:\/\/www.lagriculteur.fr\/blog\/wp-content\/uploads\/2024\/05\/sunflower-field-4508377_1280-1024x682.jpg\" alt=\"sunflower field 4508377 1280\" class=\"wp-image-8007\" style=\"width:420px;height:auto\" srcset=\"https:\/\/www.lagriculteur.fr\/blog\/wp-content\/uploads\/2024\/05\/sunflower-field-4508377_1280-1024x682.jpg 1024w, https:\/\/www.lagriculteur.fr\/blog\/wp-content\/uploads\/2024\/05\/sunflower-field-4508377_1280-300x200.jpg 300w, https:\/\/www.lagriculteur.fr\/blog\/wp-content\/uploads\/2024\/05\/sunflower-field-4508377_1280-768x512.jpg 768w, https:\/\/www.lagriculteur.fr\/blog\/wp-content\/uploads\/2024\/05\/sunflower-field-4508377_1280.jpg 1280w\" sizes=\"auto, (max-width: 1024px) 100vw, 1024px\" \/><\/figure>\n\n\n\n<h2 class=\"wp-block-heading\" id=\"reconnaitre-le-stade-optimal-de-recolte\">Reconna\u00eetre le stade optimal de r\u00e9colte<\/h2>\n\n\n\n<p class=\"wp-block-paragraph\">Pour optimiser la r\u00e9colte, il est essentiel de reconna\u00eetre le stade optimal de r\u00e9colte. La maturit\u00e9 des tournesols peut varier au sein d&rsquo;une m\u00eame parcelle en raison de diff\u00e9rents facteurs. Il est conseill\u00e9 de se concentrer sur le dos du capitule qui doit virer du jaune au brun, les feuilles de base et du milieu de tige qui doivent \u00eatre dess\u00e9ch\u00e9es, et la graine contenant entre 9 et 11 % d&rsquo;humidit\u00e9.<\/p>\n\n\n\n<h2 class=\"wp-block-heading\" id=\"le-tournesol-une-reponse-au-changement-climatique\">Le tournesol : une r\u00e9ponse au changement climatique ?<\/h2>\n\n\n\n<p class=\"wp-block-paragraph\">Le tournesol s&rsquo;est impos\u00e9, non seulement comme une culture lucrative, mais aussi comme une solution durable aux d\u00e9fis pos\u00e9s par le changement climatique. Son adaptabilit\u00e9 et sa r\u00e9silience ont \u00e9t\u00e9 salu\u00e9es par de nombreux experts, dont Gilles Robillard, pr\u00e9sident de Terres Inovia.<\/p>\n\n\n\n<p class=\"wp-block-paragraph\">Voir aussi &gt;&gt; <a href=\"https:\/\/www.lagriculteur.fr\/blog\/moisson-2023-une-recolte-francaise-de-ble-tendre-satisfaisante-malgre-des-defis-climatiques\/\" data-type=\"post\" data-id=\"7192\">Moisson 2023 : Une r\u00e9colte fran\u00e7aise de bl\u00e9 tendre satisfaisante malgr\u00e9 des d\u00e9fis climatiques<\/a><\/p>\n\n\n\n<h2 class=\"wp-block-heading\" id=\"vers-l-avenir\">Vers l&rsquo;avenir<\/h2>\n\n\n\n<p class=\"wp-block-paragraph\">La performance du tournesol cette ann\u00e9e est une preuve suppl\u00e9mentaire de son importance dans le paysage agricole fran\u00e7ais. Malgr\u00e9 la baisse des prix sur les march\u00e9s mondiaux en raison d&rsquo;une excellente r\u00e9colte \u00e0 l&rsquo;\u00e9chelle mondiale, les marges brutes g\u00e9n\u00e9r\u00e9es restent encourageantes pour les producteurs.<\/p>\n\n\n\n<p class=\"wp-block-paragraph\">Les agriculteurs sont en effet au c\u0153ur de ces succ\u00e8s. Comme l&rsquo;a soulign\u00e9 Benjamin Lammert, pr\u00e9sident de Terres Univia, ils ont su r\u00e9pondre aux enjeux de souverainet\u00e9, garantissant une production nationale robuste, capable d&rsquo;approvisionner largement les march\u00e9s nationaux.<\/p>\n\n\n\n<p class=\"wp-block-paragraph\"><a href=\"https:\/\/www.lagriculteur.fr\/\">Visitez notre boutique en ligne pour trouver des pi\u00e8ces de qualit\u00e9 pour vos \u00e9quipements sur lagriculteur.fr<\/a><\/p>\n","protected":false},"excerpt":{"rendered":"<p>La r\u00e9colte de tournesol est un \u00e9v\u00e9nement crucial dans le calendrier agricole, et celle de 2023 n&rsquo;a pas fait exception. Au contraire, cette ann\u00e9e a marqu\u00e9 une augmentation notable par rapport aux ann\u00e9es pr\u00e9c\u00e9dentes, renfor\u00e7ant la position du tournesol comme l&rsquo;une des cultures les plus r\u00e9silientes et adapt\u00e9es au changement climatique. Un bilan positif 2023 [&hellip;]<\/p>\n","protected":false},"author":6,"featured_media":7040,"comment_status":"open","ping_status":"open","sticky":false,"template":"","format":"standard","meta":{"_acf_changed":false,"_seopress_titles_title":"","_seopress_titles_desc":"","_seopress_robots_index":"","_seopress_robots_follow":"","_seopress_robots_imageindex":"","_seopress_robots_snippet":"","_seopress_robots_primary_cat":"none","_seopress_robots_breadcrumbs":"","_seopress_robots_freeze_modified_date":"","_seopress_robots_custom_modified_date":"","_seopress_robots_canonical":"","_seopress_social_fb_title":"","_seopress_social_fb_desc":"","_seopress_social_fb_img":"","_seopress_social_fb_img_attachment_id":0,"_seopress_social_fb_img_width":0,"_seopress_social_fb_img_height":0,"_seopress_social_twitter_title":"","_seopress_social_twitter_desc":"","_seopress_social_twitter_img":"","_seopress_social_twitter_img_attachment_id":0,"_seopress_social_twitter_img_width":0,"_seopress_social_twitter_img_height":0,"_seopress_redirections_value":"","_seopress_redirections_enabled":"","_seopress_redirections_enabled_regex":"","_seopress_redirections_logged_status":"both","_seopress_redirections_param":"","_seopress_redirections_type":301,"_seopress_analysis_target_kw":"","_seopress_news_disabled":"","_seopress_video_disabled":"","_seopress_video":[],"_seopress_pro_schemas_manual":[],"_seopress_pro_rich_snippets_disable_all":"","_seopress_pro_rich_snippets_disable":[],"_seopress_pro_schemas":[],"_gspb_post_css":"","footnotes":""},"categories":[359],"tags":[],"libelle":[],"class_list":["post-6870","post","type-post","status-publish","format-standard","has-post-thumbnail","category-actualites"],"blocksy_meta":{"styles_descriptor":{"styles":{"desktop":"","tablet":"","mobile":""},"google_fonts":[],"version":7}},"acf":[],"_links":{"self":[{"href":"https:\/\/www.lagriculteur.fr\/blog\/wp-json\/wp\/v2\/posts\/6870","targetHints":{"allow":["GET"]}}],"collection":[{"href":"https:\/\/www.lagriculteur.fr\/blog\/wp-json\/wp\/v2\/posts"}],"about":[{"href":"https:\/\/www.lagriculteur.fr\/blog\/wp-json\/wp\/v2\/types\/post"}],"author":[{"embeddable":true,"href":"https:\/\/www.lagriculteur.fr\/blog\/wp-json\/wp\/v2\/users\/6"}],"replies":[{"embeddable":true,"href":"https:\/\/www.lagriculteur.fr\/blog\/wp-json\/wp\/v2\/comments?post=6870"}],"version-history":[{"count":3,"href":"https:\/\/www.lagriculteur.fr\/blog\/wp-json\/wp\/v2\/posts\/6870\/revisions"}],"predecessor-version":[{"id":8531,"href":"https:\/\/www.lagriculteur.fr\/blog\/wp-json\/wp\/v2\/posts\/6870\/revisions\/8531"}],"wp:featuredmedia":[{"embeddable":true,"href":"https:\/\/www.lagriculteur.fr\/blog\/wp-json\/wp\/v2\/media\/7040"}],"wp:attachment":[{"href":"https:\/\/www.lagriculteur.fr\/blog\/wp-json\/wp\/v2\/media?parent=6870"}],"wp:term":[{"taxonomy":"category","embeddable":true,"href":"https:\/\/www.lagriculteur.fr\/blog\/wp-json\/wp\/v2\/categories?post=6870"},{"taxonomy":"post_tag","embeddable":true,"href":"https:\/\/www.lagriculteur.fr\/blog\/wp-json\/wp\/v2\/tags?post=6870"},{"taxonomy":"libelle","embeddable":true,"href":"https:\/\/www.lagriculteur.fr\/blog\/wp-json\/wp\/v2\/libelle?post=6870"}],"curies":[{"name":"wp","href":"https:\/\/api.w.org\/{rel}","templated":true}]}}