{"id":6876,"date":"2023-11-02T12:52:00","date_gmt":"2023-11-02T11:52:00","guid":{"rendered":"https:\/\/www.uwant.fr\/?p=6876"},"modified":"2024-05-24T16:07:49","modified_gmt":"2024-05-24T14:07:49","slug":"le-marche-du-mais-en-france-entre-defis-et-opportunites","status":"publish","type":"post","link":"https:\/\/www.lagriculteur.fr\/blog\/le-marche-du-mais-en-france-entre-defis-et-opportunites\/","title":{"rendered":"Le march\u00e9 du ma\u00efs en France : Entre d\u00e9fis et opportunit\u00e9s"},"content":{"rendered":"\n<p class=\"wp-block-paragraph\">Alors que la campagne de 2023 s&rsquo;est conclue sur une note optimiste pour le march\u00e9 du ma\u00efs fran\u00e7ais, la fili\u00e8re se retrouve \u00e0 un carrefour strat\u00e9gique. Confront\u00e9e \u00e0 une concurrence internationale accrue et \u00e0 la n\u00e9cessit\u00e9 d&rsquo;adopter une approche plus \u00e9cologique, la culture du ma\u00efs en France appelle \u00e0 un renouveau. L&rsquo;Association g\u00e9n\u00e9rale des producteurs de ma\u00efs (AGPM) tire la sonnette d\u2019alarme, appelant \u00e0 un \u00ab\u00a0sursaut collectif\u00a0\u00bb et un r\u00e9investissement substantiel des autorit\u00e9s pour sauvegarder et renforcer la souverainet\u00e9 alimentaire du pays.<\/p>\n\n\n\n<h2 class=\"wp-block-heading\" id=\"des-rendements-prometteurs-en-2023-malgre-un-climat-capricieux\">Des rendements prometteurs en 2023 malgr\u00e9 un climat capricieux<\/h2>\n\n\n\n<p class=\"wp-block-paragraph\">La campagne ma\u00efs 2023 a surpris par sa robustesse face \u00e0 un climat changeant. Avec des rendements s&rsquo;\u00e9levant \u00e0 101 q\/ha pour un volume total de 13,1 Mt, les producteurs ont su tirer profit d&rsquo;un \u00e9talement des semis et d&rsquo;une pluviom\u00e9trie suffisante, bien que surprenante par sa p\u00e9riodicit\u00e9. Une telle performance d\u00e9montre la r\u00e9silience de cette culture face \u00e0 des conditions climatiques variables.<\/p>\n\n\n\n<figure class=\"wp-block-image aligncenter size-large is-resized\"><img loading=\"lazy\" decoding=\"async\" width=\"1024\" height=\"682\" src=\"https:\/\/www.lagriculteur.fr\/blog\/wp-content\/uploads\/2024\/05\/ukraine-7852286_1280-1024x682.webp\" alt=\"ukraine 7852286 1280\" class=\"wp-image-8017\" style=\"width:348px;height:auto\" srcset=\"https:\/\/www.lagriculteur.fr\/blog\/wp-content\/uploads\/2024\/05\/ukraine-7852286_1280-1024x682.webp 1024w, https:\/\/www.lagriculteur.fr\/blog\/wp-content\/uploads\/2024\/05\/ukraine-7852286_1280-300x200.webp 300w, https:\/\/www.lagriculteur.fr\/blog\/wp-content\/uploads\/2024\/05\/ukraine-7852286_1280-768x512.webp 768w, https:\/\/www.lagriculteur.fr\/blog\/wp-content\/uploads\/2024\/05\/ukraine-7852286_1280.webp 1280w\" sizes=\"auto, (max-width: 1024px) 100vw, 1024px\" \/><\/figure>\n\n\n\n<h2 class=\"wp-block-heading\" id=\"l-ombre-des-importations-et-la-souverainete-alimentaire\">L&rsquo;ombre des importations et la souverainet\u00e9 alimentaire<\/h2>\n\n\n\n<p class=\"wp-block-paragraph\">Cependant, malgr\u00e9 ces bons chiffres, l&rsquo;horizon n&rsquo;est pas totalement d\u00e9gag\u00e9 pour les ma\u00efsiculteurs fran\u00e7ais. La baisse notable des surfaces cultiv\u00e9es, qui s&rsquo;\u00e9tablit \u00e0 10 % en 2022, soit une perte de 150 000 ha, t\u00e9moigne d&rsquo;une certaine fragilit\u00e9. Depuis une d\u00e9cennie, la France a perdu pr\u00e8s de 500 000 ha d\u00e9di\u00e9s \u00e0 la culture du ma\u00efs.&nbsp;<\/p>\n\n\n\n<p class=\"wp-block-paragraph\">Cette situation s&rsquo;accompagne d&rsquo;une d\u00e9pendance croissante aux importations, en particulier depuis des pays aux r\u00e9gulations divergentes. L&rsquo;Europe, qui fut jadis exportatrice, est d\u00e9sormais le premier importateur mondial de ma\u00efs. Cette inversion de la balance commerciale soul\u00e8ve des inqui\u00e9tudes l\u00e9gitimes quant \u00e0 la souverainet\u00e9 alimentaire et \u00e9nerg\u00e9tique du continent.<\/p>\n\n\n\n<p class=\"wp-block-paragraph\">Lire \u00e9galement &gt;&gt; <a href=\"https:\/\/www.lagriculteur.fr\/blog\/la-recolte-de-tournesol-2023-entre-reussite-et-defis-climatiques\/\">La r\u00e9colte de tournesol 2023 : Entre r\u00e9ussite et d\u00e9fis climatiques<\/a><\/p>\n\n\n\n<h2 class=\"wp-block-heading\" id=\"vers-une-agriculture-durable-et-decarbonee\">Vers une agriculture durable et d\u00e9carbon\u00e9e<\/h2>\n\n\n\n<p class=\"wp-block-paragraph\">Le d\u00e9fi est clair : la fili\u00e8re ma\u00efs doit \u00e9voluer pour r\u00e9pondre aux exigences environnementales sans sacrifier sa productivit\u00e9. Le ma\u00efs pr\u00e9sente l&rsquo;avantage d&rsquo;avoir l&rsquo;indice de fr\u00e9quence de traitement le plus bas parmi les grandes cultures, ce qui laisse entrevoir un chemin vers une agriculture plus respectueuse de l&rsquo;environnement. Toutefois, la transition \u00e9cologique ne doit pas s&rsquo;op\u00e9rer au d\u00e9triment des agriculteurs, qui subissent d\u00e9j\u00e0 une concurrence d\u00e9loyale en raison des diff\u00e9rences de r\u00e9gulation au sein de l&rsquo;UE.<\/p>\n\n\n\n<h2 class=\"wp-block-heading\" id=\"la-question-cruciale-de-l-eau\">La question cruciale de l&rsquo;eau<\/h2>\n\n\n\n<p class=\"wp-block-paragraph\">L&rsquo;efficience du ma\u00efs en termes de consommation d&rsquo;eau est souvent m\u00e9connue. Avec une consommation de 460 m3 d&rsquo;eau pour produire une tonne de ma\u00efs contre 900 m3 pour le soja, le ma\u00efs se pr\u00e9sente comme une option agricole durable. Toutefois, l&rsquo;acc\u00e8s \u00e0 l&rsquo;eau, essentiel pour l&rsquo;irrigation, reste un enjeu majeur. L&rsquo;AGPM plaide pour une augmentation des surfaces irrigu\u00e9es tout en promouvant des pratiques respectueuses de l&rsquo;environnement.<\/p>\n\n\n\n<p class=\"wp-block-paragraph\">Visitez notre boutique en ligne pour trouver des <a href=\"https:\/\/www.lagriculteur.fr\/\">pi\u00e8ces adaptables <\/a>de qualit\u00e9 pour vos \u00e9quipements sur lagriculteur.fr.<\/p>\n","protected":false},"excerpt":{"rendered":"<p>Alors que la campagne de 2023 s&rsquo;est conclue sur une note optimiste pour le march\u00e9 du ma\u00efs fran\u00e7ais, la fili\u00e8re se retrouve \u00e0 un carrefour strat\u00e9gique. Confront\u00e9e \u00e0 une concurrence internationale accrue et \u00e0 la n\u00e9cessit\u00e9 d&rsquo;adopter une approche plus \u00e9cologique, la culture du ma\u00efs en France appelle \u00e0 un renouveau. L&rsquo;Association g\u00e9n\u00e9rale des producteurs [&hellip;]<\/p>\n","protected":false},"author":6,"featured_media":7041,"comment_status":"open","ping_status":"open","sticky":false,"template":"","format":"standard","meta":{"_acf_changed":false,"_seopress_titles_title":"","_seopress_titles_desc":"","_seopress_robots_index":"","_seopress_robots_follow":"","_seopress_robots_imageindex":"","_seopress_robots_snippet":"","_seopress_robots_primary_cat":"none","_seopress_robots_breadcrumbs":"","_seopress_robots_freeze_modified_date":"","_seopress_robots_custom_modified_date":"","_seopress_robots_canonical":"","_seopress_social_fb_title":"","_seopress_social_fb_desc":"","_seopress_social_fb_img":"","_seopress_social_fb_img_attachment_id":0,"_seopress_social_fb_img_width":0,"_seopress_social_fb_img_height":0,"_seopress_social_twitter_title":"","_seopress_social_twitter_desc":"","_seopress_social_twitter_img":"","_seopress_social_twitter_img_attachment_id":0,"_seopress_social_twitter_img_width":0,"_seopress_social_twitter_img_height":0,"_seopress_redirections_value":"","_seopress_redirections_enabled":"","_seopress_redirections_enabled_regex":"","_seopress_redirections_logged_status":"both","_seopress_redirections_param":"","_seopress_redirections_type":301,"_seopress_analysis_target_kw":"","_seopress_news_disabled":"","_seopress_video_disabled":"","_seopress_video":[],"_seopress_pro_schemas_manual":[],"_seopress_pro_rich_snippets_disable_all":"","_seopress_pro_rich_snippets_disable":[],"_seopress_pro_schemas":[],"_gspb_post_css":"","footnotes":""},"categories":[359],"tags":[],"libelle":[],"class_list":["post-6876","post","type-post","status-publish","format-standard","has-post-thumbnail","category-actualites"],"blocksy_meta":{"styles_descriptor":{"styles":{"desktop":"","tablet":"","mobile":""},"google_fonts":[],"version":7}},"acf":[],"_links":{"self":[{"href":"https:\/\/www.lagriculteur.fr\/blog\/wp-json\/wp\/v2\/posts\/6876","targetHints":{"allow":["GET"]}}],"collection":[{"href":"https:\/\/www.lagriculteur.fr\/blog\/wp-json\/wp\/v2\/posts"}],"about":[{"href":"https:\/\/www.lagriculteur.fr\/blog\/wp-json\/wp\/v2\/types\/post"}],"author":[{"embeddable":true,"href":"https:\/\/www.lagriculteur.fr\/blog\/wp-json\/wp\/v2\/users\/6"}],"replies":[{"embeddable":true,"href":"https:\/\/www.lagriculteur.fr\/blog\/wp-json\/wp\/v2\/comments?post=6876"}],"version-history":[{"count":2,"href":"https:\/\/www.lagriculteur.fr\/blog\/wp-json\/wp\/v2\/posts\/6876\/revisions"}],"predecessor-version":[{"id":8530,"href":"https:\/\/www.lagriculteur.fr\/blog\/wp-json\/wp\/v2\/posts\/6876\/revisions\/8530"}],"wp:featuredmedia":[{"embeddable":true,"href":"https:\/\/www.lagriculteur.fr\/blog\/wp-json\/wp\/v2\/media\/7041"}],"wp:attachment":[{"href":"https:\/\/www.lagriculteur.fr\/blog\/wp-json\/wp\/v2\/media?parent=6876"}],"wp:term":[{"taxonomy":"category","embeddable":true,"href":"https:\/\/www.lagriculteur.fr\/blog\/wp-json\/wp\/v2\/categories?post=6876"},{"taxonomy":"post_tag","embeddable":true,"href":"https:\/\/www.lagriculteur.fr\/blog\/wp-json\/wp\/v2\/tags?post=6876"},{"taxonomy":"libelle","embeddable":true,"href":"https:\/\/www.lagriculteur.fr\/blog\/wp-json\/wp\/v2\/libelle?post=6876"}],"curies":[{"name":"wp","href":"https:\/\/api.w.org\/{rel}","templated":true}]}}