{"id":6906,"date":"2023-10-24T15:23:13","date_gmt":"2023-10-24T13:23:13","guid":{"rendered":"https:\/\/www.uwant.fr\/?p=6906"},"modified":"2024-05-24T14:38:19","modified_gmt":"2024-05-24T12:38:19","slug":"la-reduction-des-doses-dherbicides-lavenir-grace-a-la-technologie","status":"publish","type":"post","link":"https:\/\/www.lagriculteur.fr\/blog\/la-reduction-des-doses-dherbicides-lavenir-grace-a-la-technologie\/","title":{"rendered":"La r\u00e9duction des doses d&rsquo;herbicides : L&rsquo;avenir gr\u00e2ce \u00e0 la technologie"},"content":{"rendered":"\n<p class=\"wp-block-paragraph\">Face \u00e0 l&rsquo;urgence environnementale et \u00e0 la n\u00e9cessit\u00e9 de pr\u00e9server la biodiversit\u00e9, la r\u00e9duction des doses d&rsquo;herbicides en agriculture est devenue une priorit\u00e9. La technologie, notamment les capteurs, les drones et l\u2019intelligence artificielle, se positionne en alli\u00e9e de taille pour relever ce d\u00e9fi.&nbsp;<\/p>\n\n\n\n<h2 class=\"wp-block-heading\" id=\"les-capteurs-une-arme-contre-les-adventices\">Les capteurs : Une arme contre les adventices<\/h2>\n\n\n\n<p class=\"wp-block-paragraph\">Le d\u00e9veloppement des capteurs, capables de d\u00e9terminer avec une extr\u00eame pr\u00e9cision la pr\u00e9sence d&rsquo;adventices dans les champs, ouvre la voie \u00e0 une gestion plus cibl\u00e9e des mauvaises herbes. En s&rsquo;appuyant sur une r\u00e9solution submillim\u00e9trique, ces capteurs parviennent \u00e0 rep\u00e9rer m\u00eame les plus petites plantes \u00e9mergentes au milieu des cultures principales. Accompagn\u00e9 de puissants algorithmes de traitement d&rsquo;images, souvent bas\u00e9s sur le deep learning, le syst\u00e8me apprend progressivement \u00e0 distinguer diverses plantes et adventices en analysant d&rsquo;\u00e9normes volumes d&rsquo;images agricoles. Bien que ce processus requiert l\u2019annotation manuelle de millions d&rsquo;images pour couvrir divers sc\u00e9narios et stades de d\u00e9veloppement des plantes, la r\u00e9duction potentielle des herbicides est consid\u00e9rable : jusqu&rsquo;\u00e0 80-90%.<\/p>\n\n\n\n<h2 class=\"wp-block-heading\" id=\"les-drones\">Les drones&nbsp;<\/h2>\n\n\n\n<p class=\"wp-block-paragraph\">Ces engins volants peuvent cartographier une parcelle enti\u00e8re, permettant de localiser pr\u00e9cis\u00e9ment les adventices. Une fois la carte cr\u00e9\u00e9e, elle peut \u00eatre utilis\u00e9e pour guider les pulv\u00e9risateurs. Cependant, il est essentiel de souligner que tous les pulv\u00e9risateurs ne sont pas compatibles avec cette technologie, limitant son adoption \u00e0 grande \u00e9chelle.<\/p>\n\n\n\n<h2 class=\"wp-block-heading\" id=\"les-pulverisateurs-de-haute-precision\">Les pulv\u00e9risateurs de haute pr\u00e9cision&nbsp;<\/h2>\n\n\n\n<p class=\"wp-block-paragraph\">Outre les drones, les pulv\u00e9risateurs de haute pr\u00e9cision, \u00e9quip\u00e9s de cam\u00e9ras et agissant en temps r\u00e9el, repr\u00e9sentent une autre approche pour une utilisation restreinte et pr\u00e9cise des herbicides. Des syst\u00e8mes comme l\u2019Ara d\u2019Ecorobotix, \u00e9quip\u00e9 de buses espac\u00e9es de 4 cm et d&rsquo;une enceinte int\u00e9gralement couverte, permettent une reconnaissance facilit\u00e9e des adventices tout en offrant une flexibilit\u00e9 dans diverses conditions m\u00e9t\u00e9orologiques.<\/p>\n\n\n\n<p class=\"wp-block-paragraph\">Voir \u00e9galement &gt;&gt; <a href=\"https:\/\/www.lagriculteur.fr\/blog\/compostage-la-maniere-naturelle-de-fertiliser-pour-lavenir-de-lagriculture\/\">Compostage : La mani\u00e8re naturelle de fertiliser pour l&rsquo;avenir de l&rsquo;agriculture<\/a><\/p>\n\n\n\n<figure class=\"wp-block-image size-full\"><img loading=\"lazy\" decoding=\"async\" width=\"524\" height=\"316\" src=\"https:\/\/www.lagriculteur.fr\/blog\/wp-content\/uploads\/2024\/05\/herbicide.png\" alt=\"herbicide\" class=\"wp-image-8510\" srcset=\"https:\/\/www.lagriculteur.fr\/blog\/wp-content\/uploads\/2024\/05\/herbicide.png 524w, https:\/\/www.lagriculteur.fr\/blog\/wp-content\/uploads\/2024\/05\/herbicide-300x181.png 300w\" sizes=\"auto, (max-width: 524px) 100vw, 524px\" \/><\/figure>\n\n\n\n<h2 class=\"wp-block-heading\" id=\"les-enjeux-economiques\">Les enjeux \u00e9conomiques<\/h2>\n\n\n\n<p class=\"wp-block-paragraph\">Bien que l&rsquo;investissement initial dans cette technologie puisse \u00eatre important, les \u00e9conomies r\u00e9alis\u00e9es sur l&rsquo;utilisation r\u00e9duite des herbicides peuvent offrir un retour sur investissement attrayant. Les drones, \u00e9tant parmi les options les moins on\u00e9reuses, n\u00e9cessitent simplement l&rsquo;achat d&rsquo;une carte d&rsquo;application et un pulv\u00e9risateur \u00e9quip\u00e9 de GPS. D&rsquo;autre part, les syst\u00e8mes de pulv\u00e9risation de pr\u00e9cision et les robots d\u00e9sherbeurs, bien que plus co\u00fbteux, peuvent offrir une solution plus automatis\u00e9e et donc \u00e9conomiser sur la main-d&rsquo;\u0153uvre et les co\u00fbts d&rsquo;herbicides \u00e0 long terme.<\/p>\n\n\n\n<p class=\"wp-block-paragraph\">En conciliant l&rsquo;efficacit\u00e9 op\u00e9rationnelle avec la durabilit\u00e9 environnementale, les agriculteurs peuvent adopter ces technologies pour r\u00e9duire consid\u00e9rablement leur d\u00e9pendance aux herbicides. Cet alignement non seulement prot\u00e8ge l&rsquo;environnement en r\u00e9duisant l\u2019utilisation des produits chimiques, mais pr\u00e9serve aussi la biodiversit\u00e9 et la sant\u00e9 du sol, assurant ainsi une <a href=\"https:\/\/www.lagriculteur.fr\/blog\/lagriculture-biologique\/\">agriculture biologique<\/a> et productive pour les g\u00e9n\u00e9rations futures.<\/p>\n\n\n\n<p class=\"wp-block-paragraph\">D\u00e9couvrez notre gamme compl\u00e8te de pi\u00e8ces d\u00e9tach\u00e9es pour machines agricoles sur <a href=\"https:\/\/www.lagriculteur.fr\/\">lagriculteur.fr.<\/a><\/p>\n","protected":false},"excerpt":{"rendered":"<p>Face \u00e0 l&rsquo;urgence environnementale et \u00e0 la n\u00e9cessit\u00e9 de pr\u00e9server la biodiversit\u00e9, la r\u00e9duction des doses d&rsquo;herbicides en agriculture est devenue une priorit\u00e9. La technologie, notamment les capteurs, les drones et l\u2019intelligence artificielle, se positionne en alli\u00e9e de taille pour relever ce d\u00e9fi.&nbsp; Les capteurs : Une arme contre les adventices Le d\u00e9veloppement des capteurs, [&hellip;]<\/p>\n","protected":false},"author":6,"featured_media":7044,"comment_status":"open","ping_status":"open","sticky":false,"template":"","format":"standard","meta":{"_acf_changed":false,"_seopress_titles_title":"","_seopress_titles_desc":"","_seopress_robots_index":"","_seopress_robots_follow":"","_seopress_robots_imageindex":"","_seopress_robots_snippet":"","_seopress_robots_primary_cat":"none","_seopress_robots_breadcrumbs":"","_seopress_robots_freeze_modified_date":"","_seopress_robots_custom_modified_date":"","_seopress_robots_canonical":"","_seopress_social_fb_title":"","_seopress_social_fb_desc":"","_seopress_social_fb_img":"","_seopress_social_fb_img_attachment_id":0,"_seopress_social_fb_img_width":0,"_seopress_social_fb_img_height":0,"_seopress_social_twitter_title":"","_seopress_social_twitter_desc":"","_seopress_social_twitter_img":"","_seopress_social_twitter_img_attachment_id":0,"_seopress_social_twitter_img_width":0,"_seopress_social_twitter_img_height":0,"_seopress_redirections_value":"","_seopress_redirections_enabled":"","_seopress_redirections_enabled_regex":"","_seopress_redirections_logged_status":"both","_seopress_redirections_param":"","_seopress_redirections_type":301,"_seopress_analysis_target_kw":"","_seopress_news_disabled":"","_seopress_video_disabled":"","_seopress_video":[],"_seopress_pro_schemas_manual":[],"_seopress_pro_rich_snippets_disable_all":"","_seopress_pro_rich_snippets_disable":[],"_seopress_pro_schemas":[],"_gspb_post_css":"","footnotes":""},"categories":[359],"tags":[],"libelle":[],"class_list":["post-6906","post","type-post","status-publish","format-standard","has-post-thumbnail","category-actualites"],"blocksy_meta":{"styles_descriptor":{"styles":{"desktop":"","tablet":"","mobile":""},"google_fonts":[],"version":7}},"acf":[],"_links":{"self":[{"href":"https:\/\/www.lagriculteur.fr\/blog\/wp-json\/wp\/v2\/posts\/6906","targetHints":{"allow":["GET"]}}],"collection":[{"href":"https:\/\/www.lagriculteur.fr\/blog\/wp-json\/wp\/v2\/posts"}],"about":[{"href":"https:\/\/www.lagriculteur.fr\/blog\/wp-json\/wp\/v2\/types\/post"}],"author":[{"embeddable":true,"href":"https:\/\/www.lagriculteur.fr\/blog\/wp-json\/wp\/v2\/users\/6"}],"replies":[{"embeddable":true,"href":"https:\/\/www.lagriculteur.fr\/blog\/wp-json\/wp\/v2\/comments?post=6906"}],"version-history":[{"count":2,"href":"https:\/\/www.lagriculteur.fr\/blog\/wp-json\/wp\/v2\/posts\/6906\/revisions"}],"predecessor-version":[{"id":8512,"href":"https:\/\/www.lagriculteur.fr\/blog\/wp-json\/wp\/v2\/posts\/6906\/revisions\/8512"}],"wp:featuredmedia":[{"embeddable":true,"href":"https:\/\/www.lagriculteur.fr\/blog\/wp-json\/wp\/v2\/media\/7044"}],"wp:attachment":[{"href":"https:\/\/www.lagriculteur.fr\/blog\/wp-json\/wp\/v2\/media?parent=6906"}],"wp:term":[{"taxonomy":"category","embeddable":true,"href":"https:\/\/www.lagriculteur.fr\/blog\/wp-json\/wp\/v2\/categories?post=6906"},{"taxonomy":"post_tag","embeddable":true,"href":"https:\/\/www.lagriculteur.fr\/blog\/wp-json\/wp\/v2\/tags?post=6906"},{"taxonomy":"libelle","embeddable":true,"href":"https:\/\/www.lagriculteur.fr\/blog\/wp-json\/wp\/v2\/libelle?post=6906"}],"curies":[{"name":"wp","href":"https:\/\/api.w.org\/{rel}","templated":true}]}}