{"id":6978,"date":"2023-09-11T15:45:38","date_gmt":"2023-09-11T13:45:38","guid":{"rendered":"https:\/\/www.uwant.fr\/?p=6978"},"modified":"2024-05-24T11:48:49","modified_gmt":"2024-05-24T09:48:49","slug":"recyclage-des-pneus-densilage-des-2024","status":"publish","type":"post","link":"https:\/\/www.lagriculteur.fr\/blog\/recyclage-des-pneus-densilage-des-2024\/","title":{"rendered":"Recyclage des pneus d&rsquo;ensilage d\u00e8s 2024"},"content":{"rendered":"\n<p class=\"wp-block-paragraph\">&nbsp;La gestion des d\u00e9chets en France conna\u00eet des \u00e9volutions majeures, notamment en ce qui concerne les pneus usag\u00e9s issus de l&rsquo;agriculture. Dans le cadre du d\u00e9cret n\u00b0 2023-152 du 2 mars 2023, les responsabilit\u00e9s \u00e9largies des Fabricants de Pneumatiques (REP) ont \u00e9t\u00e9 red\u00e9finies. Cette r\u00e9forme modifie en profondeur les modalit\u00e9s de collecte des pneus usag\u00e9s et s&rsquo;inscrit dans un engagement environnemental croissant. <\/p>\n\n\n\n<p class=\"wp-block-paragraph\">\u00c0 partir du 1er janvier 2024, ces <a href=\"https:\/\/www.lagriculteur.fr\/2882-pneus-farmflex\">pneus<\/a> pourront \u00eatre recycl\u00e9s gratuitement, ce qui permettra d&rsquo;\u00e9conomiser de nombreux agriculteurs qui \u00e9taient auparavant confront\u00e9s au d\u00e9fi d&rsquo;une \u00e9limination co\u00fbteuse et longue.<\/p>\n\n\n\n<h2 class=\"wp-block-heading\" id=\"volume-de-collecte\">Volume de collecte&nbsp;<\/h2>\n\n\n\n<p class=\"wp-block-paragraph\">Les derni\u00e8res modifications l\u00e9gislatives pr\u00e9cis\u00e9es dans le d\u00e9cret du 27 juin 2023 apportent des pr\u00e9cisions importantes. L&rsquo;une des annonces cl\u00e9s a \u00e9t\u00e9 la nomination d&rsquo;un groupe environnemental financ\u00e9 par les fournisseurs et distributeurs de pneus pour superviser les reprises. Ces organisations sont confront\u00e9es \u00e0 la lourde t\u00e2che de recycler de mani\u00e8re fiable 30 000 tonnes de pneus d\u2019ici 2024. L\u2019objectif ambitieux est d\u2019augmenter progressivement la production de 10 000 tonnes par an, pour atteindre un pic de 70 000 tonnes d\u2019ici 2028.<\/p>\n\n\n\n<figure class=\"wp-block-image size-full\"><img loading=\"lazy\" decoding=\"async\" width=\"490\" height=\"276\" src=\"https:\/\/www.lagriculteur.fr\/blog\/wp-content\/uploads\/2024\/05\/ensilage.png\" alt=\"ensilage\" class=\"wp-image-8472\" srcset=\"https:\/\/www.lagriculteur.fr\/blog\/wp-content\/uploads\/2024\/05\/ensilage.png 490w, https:\/\/www.lagriculteur.fr\/blog\/wp-content\/uploads\/2024\/05\/ensilage-300x169.png 300w\" sizes=\"auto, (max-width: 490px) 100vw, 490px\" \/><\/figure>\n\n\n\n<h2 class=\"wp-block-heading\" id=\"methode-de-collecte\">M\u00e9thode de collecte&nbsp;<\/h2>\n\n\n\n<p class=\"wp-block-paragraph\">Mais concr\u00e8tement, comment fonctionne cette collection ? Cette modalit\u00e9 est con\u00e7ue pour garantir l\u2019efficacit\u00e9 et l\u2019ordre du processus. Des points de collecte centraux ont \u00e9t\u00e9 mis en place en collaboration avec les associations professionnelles agricoles et les syndicats. Les agriculteurs ont la responsabilit\u00e9 de regrouper leurs pneus d&rsquo;ensilage \u00e0 ces endroits strat\u00e9giques. En outre, des contrats seront conclus entre ces entit\u00e9s et les \u00e9co-organismes, d\u00e9finissant ainsi les modalit\u00e9s pr\u00e9cises du ramassage.<\/p>\n\n\n\n<p class=\"wp-block-paragraph\">Lire aussi &gt;&gt; <a href=\"https:\/\/www.lagriculteur.fr\/blog\/nouvelles-mesures-et-opportunites-du-pac-2023-pour-les-agriculteurs\/\">Nouvelles mesures et opportunit\u00e9s du PAC 2023 pour les agriculteurs<\/a><\/p>\n\n\n\n<p class=\"wp-block-paragraph\">L\u2019importance de cet effort ne peut \u00eatre sous-estim\u00e9e. Non seulement cela d\u00e9montre une conscience environnementale croissante, mais cela met \u00e9galement en \u00e9vidence le r\u00f4le important que jouent les agriculteurs dans la protection de la plan\u00e8te. Cette r\u00e9forme offre une solution durable au d\u00e9fi de la gestion des pneus usag\u00e9s en r\u00e9unissant les fabricants de pneus, les agriculteurs et les groupes environnementaux autour d&rsquo;un objectif commun.<\/p>\n\n\n\n<p class=\"wp-block-paragraph\"><a href=\"https:\/\/www.lagriculteur.fr\/\">Visitez notre boutique en ligne pour trouver des pi\u00e8ces de rechange pour vos \u00e9quipements de taille sur lagriculteur.fr<\/a><\/p>\n","protected":false},"excerpt":{"rendered":"<p>&nbsp;La gestion des d\u00e9chets en France conna\u00eet des \u00e9volutions majeures, notamment en ce qui concerne les pneus usag\u00e9s issus de l&rsquo;agriculture. Dans le cadre du d\u00e9cret n\u00b0 2023-152 du 2 mars 2023, les responsabilit\u00e9s \u00e9largies des Fabricants de Pneumatiques (REP) ont \u00e9t\u00e9 red\u00e9finies. Cette r\u00e9forme modifie en profondeur les modalit\u00e9s de collecte des pneus usag\u00e9s [&hellip;]<\/p>\n","protected":false},"author":6,"featured_media":6981,"comment_status":"open","ping_status":"open","sticky":false,"template":"","format":"standard","meta":{"_acf_changed":false,"_seopress_titles_title":"","_seopress_titles_desc":"","_seopress_robots_index":"","_seopress_robots_follow":"","_seopress_robots_imageindex":"","_seopress_robots_snippet":"","_seopress_robots_primary_cat":"none","_seopress_robots_breadcrumbs":"","_seopress_robots_freeze_modified_date":"","_seopress_robots_custom_modified_date":"","_seopress_robots_canonical":"","_seopress_social_fb_title":"","_seopress_social_fb_desc":"","_seopress_social_fb_img":"","_seopress_social_fb_img_attachment_id":0,"_seopress_social_fb_img_width":0,"_seopress_social_fb_img_height":0,"_seopress_social_twitter_title":"","_seopress_social_twitter_desc":"","_seopress_social_twitter_img":"","_seopress_social_twitter_img_attachment_id":0,"_seopress_social_twitter_img_width":0,"_seopress_social_twitter_img_height":0,"_seopress_redirections_value":"","_seopress_redirections_enabled":"","_seopress_redirections_enabled_regex":"","_seopress_redirections_logged_status":"both","_seopress_redirections_param":"","_seopress_redirections_type":301,"_seopress_analysis_target_kw":"","_seopress_news_disabled":"","_seopress_video_disabled":"","_seopress_video":[],"_seopress_pro_schemas_manual":[],"_seopress_pro_rich_snippets_disable_all":"","_seopress_pro_rich_snippets_disable":[],"_seopress_pro_schemas":[],"_gspb_post_css":"","footnotes":""},"categories":[359],"tags":[],"libelle":[],"class_list":["post-6978","post","type-post","status-publish","format-standard","has-post-thumbnail","category-actualites"],"blocksy_meta":{"styles_descriptor":{"styles":{"desktop":"","tablet":"","mobile":""},"google_fonts":[],"version":7}},"acf":[],"_links":{"self":[{"href":"https:\/\/www.lagriculteur.fr\/blog\/wp-json\/wp\/v2\/posts\/6978","targetHints":{"allow":["GET"]}}],"collection":[{"href":"https:\/\/www.lagriculteur.fr\/blog\/wp-json\/wp\/v2\/posts"}],"about":[{"href":"https:\/\/www.lagriculteur.fr\/blog\/wp-json\/wp\/v2\/types\/post"}],"author":[{"embeddable":true,"href":"https:\/\/www.lagriculteur.fr\/blog\/wp-json\/wp\/v2\/users\/6"}],"replies":[{"embeddable":true,"href":"https:\/\/www.lagriculteur.fr\/blog\/wp-json\/wp\/v2\/comments?post=6978"}],"version-history":[{"count":2,"href":"https:\/\/www.lagriculteur.fr\/blog\/wp-json\/wp\/v2\/posts\/6978\/revisions"}],"predecessor-version":[{"id":8473,"href":"https:\/\/www.lagriculteur.fr\/blog\/wp-json\/wp\/v2\/posts\/6978\/revisions\/8473"}],"wp:featuredmedia":[{"embeddable":true,"href":"https:\/\/www.lagriculteur.fr\/blog\/wp-json\/wp\/v2\/media\/6981"}],"wp:attachment":[{"href":"https:\/\/www.lagriculteur.fr\/blog\/wp-json\/wp\/v2\/media?parent=6978"}],"wp:term":[{"taxonomy":"category","embeddable":true,"href":"https:\/\/www.lagriculteur.fr\/blog\/wp-json\/wp\/v2\/categories?post=6978"},{"taxonomy":"post_tag","embeddable":true,"href":"https:\/\/www.lagriculteur.fr\/blog\/wp-json\/wp\/v2\/tags?post=6978"},{"taxonomy":"libelle","embeddable":true,"href":"https:\/\/www.lagriculteur.fr\/blog\/wp-json\/wp\/v2\/libelle?post=6978"}],"curies":[{"name":"wp","href":"https:\/\/api.w.org\/{rel}","templated":true}]}}