{"id":6998,"date":"2023-08-21T16:06:44","date_gmt":"2023-08-21T14:06:44","guid":{"rendered":"https:\/\/www.uwant.fr\/?p=6998"},"modified":"2024-05-24T10:04:23","modified_gmt":"2024-05-24T08:04:23","slug":"nouvelles-mesures-et-opportunites-du-pac-2023-pour-les-agriculteurs","status":"publish","type":"post","link":"https:\/\/www.lagriculteur.fr\/blog\/nouvelles-mesures-et-opportunites-du-pac-2023-pour-les-agriculteurs\/","title":{"rendered":"Nouvelles mesures et opportunit\u00e9s du PAC 2023 pour les agriculteurs"},"content":{"rendered":"\n<p class=\"wp-block-paragraph\">Le Plan strat\u00e9gique national (PSN) pour la prochaine Politique agricole commune (PAC 2023-2027) a \u00e9t\u00e9 approuv\u00e9 par la Commission europ\u00e9enne et est entr\u00e9 en vigueur le 1\u1d49\u02b3 janvier 2023. Ce plan tant attendu par les agriculteurs introduit de nouvelles mesures et opportunit\u00e9s pour promouvoir la durabilit\u00e9, l&rsquo;innovation et la r\u00e9silience dans l&rsquo;agriculture.<\/p>\n\n\n\n<p class=\"wp-block-paragraph\">Le PSN vise \u00e0 favoriser le d\u00e9veloppement d&rsquo;un secteur agricole et forestier plus diversifi\u00e9 et r\u00e9silient et \u00e0 accompagner les transitions agro\u00e9cologiques amorc\u00e9es par les agriculteurs. C&rsquo;est aussi un \u00e9l\u00e9ment important pour assurer le d\u00e9veloppement social et \u00e9conomique rural.<\/p>\n\n\n\n<p class=\"wp-block-paragraph\">Lire aussi &gt;&gt; <a href=\"https:\/\/www.lagriculteur.fr\/blog\/le-pacte-dorientation-et-davenir-agricoles-une-vision-novatrice-pour-lagriculture-francaise\/\">Le Pacte d\u2019Orientation et d\u2019Avenir Agricoles : Une vision novatrice pour l\u2019Agriculture Fran\u00e7aise<\/a><\/p>\n\n\n\n<h2 class=\"wp-block-heading\" id=\"transition-agroecologique\">Transition agro\u00e9cologique<\/h2>\n\n\n\n<p class=\"wp-block-paragraph\">Au c\u0153ur du PAC 2023 se trouve le passage \u00e0 l&rsquo;agro\u00e9cologie, un concept cl\u00e9 visant \u00e0 rendre l&rsquo;agriculture plus respectueuse de l&rsquo;environnement. Ce pilier encourage l&rsquo;adoption de pratiques agricoles durables telles que : r\u00e9duire l&rsquo;utilisation des pesticides et promouvoir la biodiversit\u00e9 et une gestion efficace de l&rsquo;eau. Les agriculteurs sont encourag\u00e9s \u00e0 participer activement \u00e0 cette transition en b\u00e9n\u00e9ficiant de subventions et d&rsquo;appuis techniques pour mettre en \u0153uvre ces pratiques innovantes.<\/p>\n\n\n\n<h2 class=\"wp-block-heading\" id=\"les-aides-decouplees\">Les aides d\u00e9coupl\u00e9es<\/h2>\n\n\n\n<p class=\"wp-block-paragraph\">Le d\u00e9cret du 25 mai a publi\u00e9 les modalit\u00e9s de mise en \u0153uvre des <a href=\"https:\/\/www.lagriculteur.fr\/blog\/nouvelles-initiatives-du-gouvernement-pour-soutenir-les-agriculteurs-francais\/\">aides<\/a> au d\u00e9couplage dans la politique agricole commune (PAC) 2023. Cette aide, r\u00e9partie annuellement selon les r\u00e9gions agricoles, constitue l&rsquo;\u00e9pine dorsale de la PAC, avec un budget annuel de 5,7 milliards d&rsquo;euros, dont 6,7 milliards d&rsquo;euros sont allou\u00e9s aux paiements directs.<\/p>\n\n\n\n<p class=\"wp-block-paragraph\">Les paiements directs d\u00e9coupl\u00e9s consistent \u00e0 apporter une aide directe aux agriculteurs actifs en fonction des terres agricoles qu&rsquo;ils d\u00e9tiennent ind\u00e9pendamment de leur production. Pour \u00eatre \u00e9ligibles, les agriculteurs doivent avoir acquis le droit au paiement en 2015 par le biais de dons ou d&rsquo;acquisitions aupr\u00e8s d&rsquo;autres producteurs.<\/p>\n\n\n\n<iframe loading=\"lazy\" width=\"560\" height=\"315\" src=\"https:\/\/www.youtube.com\/embed\/Wg3DyuvhOCY?si=z3ZEpin1yoLBm6Oj\" title=\"YouTube video player\" frameborder=\"0\" allow=\"accelerometer; autoplay; clipboard-write; encrypted-media; gyroscope; picture-in-picture; web-share\" referrerpolicy=\"strict-origin-when-cross-origin\" allowfullscreen><\/iframe>\n\n\n\n<h2 class=\"wp-block-heading\" id=\"soutien-aux-jeunes-agriculteurs\">Soutien aux jeunes agriculteurs&nbsp;<\/h2>\n\n\n\n<p class=\"wp-block-paragraph\">Le changement de g\u00e9n\u00e9ration dans l&rsquo;agriculture est une question importante. Le PAC 2023 comprend des mesures pour soutenir les jeunes agriculteurs et faciliter la reprise d&rsquo;exploitations. Des incitations financi\u00e8res et des syst\u00e8mes sp\u00e9ciaux de formation et de soutien seront mis en place pour encourager les jeunes \u00e0 s&rsquo;engager dans l&rsquo;agriculture et assurer des transitions harmonieuses entre les g\u00e9n\u00e9rations.&nbsp;<\/p>\n\n\n\n<p class=\"wp-block-paragraph\">Cela comprend une aide au revenu suppl\u00e9mentaire pour les jeunes agriculteurs afin de faciliter le changement de g\u00e9n\u00e9ration. Le syst\u00e8me l\u00e8ve 116 millions d&rsquo;euros par an pour le programme 2023-2027. Le montant total ponctuel indicatif estim\u00e9 sur cette base est donc de 4 469 EUR et sera accord\u00e9e sous la forme d&rsquo;un montant forfaitaire pour chaque exploitation \u00e9ligible qui active au moins un DPB ou partie de DPB.&nbsp;<\/p>\n\n\n\n<h2 class=\"wp-block-heading\" id=\"renforcement-de-la-resilience-aux-changements-climatiques\">Renforcement de la r\u00e9silience aux changements climatiques<\/h2>\n\n\n\n<p class=\"wp-block-paragraph\">Les agriculteurs sont directement touch\u00e9s par le changement climatique qui se traduit par des ph\u00e9nom\u00e8nes tels que des s\u00e9cheresses prolong\u00e9es, des inondations d\u00e9vastatrices et des fluctuations extr\u00eames de temp\u00e9rature. Ces ph\u00e9nom\u00e8nes ont des effets d\u00e9vastateurs sur la production agricole, mena\u00e7ant la s\u00e9curit\u00e9 alimentaire et la viabilit\u00e9 \u00e9conomique des exploitations. Le PAC 2023 se positionne comme une r\u00e9ponse positive \u00e0 ces d\u00e9fis climatiques en proposant des strat\u00e9gies concr\u00e8tes pour renforcer la r\u00e9silience du secteur agricole.<\/p>\n\n\n\n<p class=\"wp-block-paragraph\">Dans ce contexte, le PAC 2023 met un accent particulier sur la promotion de cultures adapt\u00e9es aux conditions locales. Cela signifie que les agriculteurs sont encourag\u00e9s \u00e0 privil\u00e9gier les cultures mieux adapt\u00e9es au climat, \u00e0 la g\u00e9ographie et aux caract\u00e9ristiques \u00e9cologiques de leur r\u00e9gion. Ces cultures tol\u00e9rantes \u00e0 la s\u00e9cheresse peuvent r\u00e9sister aux fluctuations de temp\u00e9rature et prosp\u00e9rer dans des conditions impr\u00e9visibles, ce qui les rend essentielles pour la poursuite de la production agricole malgr\u00e9 des conditions m\u00e9t\u00e9orologiques impr\u00e9visibles.<\/p>\n\n\n\n<p class=\"wp-block-paragraph\">Un autre \u00e9l\u00e9ment important de la r\u00e9silience consiste \u00e0 \u00e9tablir des syst\u00e8mes d&rsquo;irrigation durables. L&rsquo;eau est une ressource essentielle pour l&rsquo;agriculture, mais les p\u00e9nuries d&rsquo;eau s&rsquo;aggravent en raison des effets du changement climatique. Par cons\u00e9quent, le PAC 2023 encourage l&rsquo;adoption de techniques d&rsquo;irrigation efficaces et \u00e9conomes en eau telles que l&rsquo;irrigation goutte \u00e0 goutte et la r\u00e9cup\u00e9ration des eaux de pluie. Ces m\u00e9thodes permettent un meilleur contr\u00f4le et une optimisation de la consommation d&rsquo;eau, assurant ainsi une irrigation r\u00e9guli\u00e8re et \u00e9quilibr\u00e9e des cultures m\u00eame en p\u00e9riode de s\u00e9cheresse.<\/p>\n\n\n\n<p class=\"wp-block-paragraph\">Le Plan Agricole de Campagne 2023 marque un tournant important dans l&rsquo;histoire de l&rsquo;agriculture en mettant l&rsquo;accent sur la durabilit\u00e9, l&rsquo;innovation et la r\u00e9silience. Gr\u00e2ce \u00e0 ses diff\u00e9rentes mesures, il offre aux agriculteurs la possibilit\u00e9 de changer leurs habitudes, de s&rsquo;adapter aux d\u00e9fis actuels et de prosp\u00e9rer dans un environnement en constante \u00e9volution. En adoptant les principes du PAC 2023, les agriculteurs peuvent non seulement augmenter les rendements, mais aussi apporter une contribution significative \u00e0 la protection de la plan\u00e8te pour les g\u00e9n\u00e9rations futures.<\/p>\n\n\n\n<p class=\"wp-block-paragraph\">D\u00e9couvrez l&rsquo;ensemble de nos pi\u00e8ces adaptables pour engins agricoles sur notre boutique <a href=\"http:\/\/lagriculteur.fr\/\" target=\"_blank\" rel=\"noopener\">lagriculteur.fr<\/a><\/p>\n","protected":false},"excerpt":{"rendered":"<p>Le Plan strat\u00e9gique national (PSN) pour la prochaine Politique agricole commune (PAC 2023-2027) a \u00e9t\u00e9 approuv\u00e9 par la Commission europ\u00e9enne et est entr\u00e9 en vigueur le 1\u1d49\u02b3 janvier 2023. Ce plan tant attendu par les agriculteurs introduit de nouvelles mesures et opportunit\u00e9s pour promouvoir la durabilit\u00e9, l&rsquo;innovation et la r\u00e9silience dans l&rsquo;agriculture. Le PSN vise [&hellip;]<\/p>\n","protected":false},"author":6,"featured_media":7045,"comment_status":"open","ping_status":"open","sticky":false,"template":"","format":"standard","meta":{"_acf_changed":false,"_seopress_titles_title":"","_seopress_titles_desc":"","_seopress_robots_index":"","_seopress_robots_follow":"","_seopress_robots_imageindex":"","_seopress_robots_snippet":"","_seopress_robots_primary_cat":"none","_seopress_robots_breadcrumbs":"","_seopress_robots_freeze_modified_date":"","_seopress_robots_custom_modified_date":"","_seopress_robots_canonical":"","_seopress_social_fb_title":"","_seopress_social_fb_desc":"","_seopress_social_fb_img":"","_seopress_social_fb_img_attachment_id":0,"_seopress_social_fb_img_width":0,"_seopress_social_fb_img_height":0,"_seopress_social_twitter_title":"","_seopress_social_twitter_desc":"","_seopress_social_twitter_img":"","_seopress_social_twitter_img_attachment_id":0,"_seopress_social_twitter_img_width":0,"_seopress_social_twitter_img_height":0,"_seopress_redirections_value":"","_seopress_redirections_enabled":"","_seopress_redirections_enabled_regex":"","_seopress_redirections_logged_status":"both","_seopress_redirections_param":"","_seopress_redirections_type":301,"_seopress_analysis_target_kw":"","_seopress_news_disabled":"","_seopress_video_disabled":"","_seopress_video":[],"_seopress_pro_schemas_manual":[],"_seopress_pro_rich_snippets_disable_all":"","_seopress_pro_rich_snippets_disable":[],"_seopress_pro_schemas":[],"_gspb_post_css":"","footnotes":""},"categories":[359],"tags":[],"libelle":[],"class_list":["post-6998","post","type-post","status-publish","format-standard","has-post-thumbnail","category-actualites"],"blocksy_meta":{"styles_descriptor":{"styles":{"desktop":"","tablet":"","mobile":""},"google_fonts":[],"version":7}},"acf":[],"_links":{"self":[{"href":"https:\/\/www.lagriculteur.fr\/blog\/wp-json\/wp\/v2\/posts\/6998","targetHints":{"allow":["GET"]}}],"collection":[{"href":"https:\/\/www.lagriculteur.fr\/blog\/wp-json\/wp\/v2\/posts"}],"about":[{"href":"https:\/\/www.lagriculteur.fr\/blog\/wp-json\/wp\/v2\/types\/post"}],"author":[{"embeddable":true,"href":"https:\/\/www.lagriculteur.fr\/blog\/wp-json\/wp\/v2\/users\/6"}],"replies":[{"embeddable":true,"href":"https:\/\/www.lagriculteur.fr\/blog\/wp-json\/wp\/v2\/comments?post=6998"}],"version-history":[{"count":4,"href":"https:\/\/www.lagriculteur.fr\/blog\/wp-json\/wp\/v2\/posts\/6998\/revisions"}],"predecessor-version":[{"id":8463,"href":"https:\/\/www.lagriculteur.fr\/blog\/wp-json\/wp\/v2\/posts\/6998\/revisions\/8463"}],"wp:featuredmedia":[{"embeddable":true,"href":"https:\/\/www.lagriculteur.fr\/blog\/wp-json\/wp\/v2\/media\/7045"}],"wp:attachment":[{"href":"https:\/\/www.lagriculteur.fr\/blog\/wp-json\/wp\/v2\/media?parent=6998"}],"wp:term":[{"taxonomy":"category","embeddable":true,"href":"https:\/\/www.lagriculteur.fr\/blog\/wp-json\/wp\/v2\/categories?post=6998"},{"taxonomy":"post_tag","embeddable":true,"href":"https:\/\/www.lagriculteur.fr\/blog\/wp-json\/wp\/v2\/tags?post=6998"},{"taxonomy":"libelle","embeddable":true,"href":"https:\/\/www.lagriculteur.fr\/blog\/wp-json\/wp\/v2\/libelle?post=6998"}],"curies":[{"name":"wp","href":"https:\/\/api.w.org\/{rel}","templated":true}]}}