{"id":7020,"date":"2022-12-08T16:20:00","date_gmt":"2022-12-08T15:20:00","guid":{"rendered":"https:\/\/www.uwant.fr\/?p=7020"},"modified":"2024-05-24T09:54:59","modified_gmt":"2024-05-24T07:54:59","slug":"retour-sur-le-sima-2022","status":"publish","type":"post","link":"https:\/\/www.lagriculteur.fr\/blog\/retour-sur-le-sima-2022\/","title":{"rendered":"Retour sur le SIMA 2022"},"content":{"rendered":"\n<h2 class=\"wp-block-heading\" id=\"bilan-du-sima-2022\">Bilan du SIMA 2022<\/h2>\n\n\n\n<p class=\"wp-block-paragraph\">Le moins que l&rsquo;on puisse dire, c&rsquo;est que les quatre derni\u00e8res ann\u00e9es ont \u00e9t\u00e9 tumultueuses. La pand\u00e9mie de Covid a boulevers\u00e9 presque tous les aspects de la vie, provoquant des perturbations g\u00e9n\u00e9ralis\u00e9es et obligeant les gens \u00e0 s&rsquo;adapter d&rsquo;une mani\u00e8re qui aurait sembl\u00e9 inimaginable il y a quelques ann\u00e9es \u00e0 peine. Le secteur des \u00e9quipements agricoles ne fait pas exception.<\/p>\n\n\n\n<p class=\"wp-block-paragraph\">La pand\u00e9mie a entra\u00een\u00e9 l&rsquo;annulation des \u00e9ditions 2020 et 2021 du salon de Villepinte, l&rsquo;un des plus importants du secteur. Le dernier SIMA \u00e9tait donc en 2019. Cependant, le salon est de retour cette ann\u00e9e, et il semble qu&rsquo;il s&rsquo;agisse de retrouvailles pour les fabricants, les acteurs du secteur de l&rsquo;\u00e9quipement agricole et les visiteurs.<\/p>\n\n\n\n<h2 class=\"wp-block-heading\" id=\"des-retrouvailles-chaleureuses\">Des retrouvailles chaleureuses<\/h2>\n\n\n\n<p class=\"wp-block-paragraph\">Le Sima, le salon international des solutions et technologies pour une agriculture efficace et durable, a chang\u00e9 plus que son nom. L&rsquo;expression \u00ab\u00a0machines agricoles\u00a0\u00bb ne d\u00e9crit plus exactement l&rsquo;ampleur de la technologie expos\u00e9e au salon. Outre les grandes machines, le salon pr\u00e9sente d\u00e9sormais des start-up et des solutions robotiques.<\/p>\n\n\n\n<p class=\"wp-block-paragraph\">Cette \u00e9volution se manifeste dans les zones th\u00e9matiques plus affirm\u00e9es du salon, telles que \u00ab\u00a0Sima Tech\u00a0\u00bb, qui rassemble des solutions robotiques et des start-up en partenariat avec Fira (le salon international de la robotique agricole), et la zone Tech&amp;Bio, qui se concentre sur les questions li\u00e9es \u00e0 la production biologique. Avec ce changement, le Sima s&rsquo;assure de rester \u00e0 l&rsquo;avant-garde de l&rsquo;industrie agricole, offrant aux visiteurs un regard perspicace sur les derni\u00e8res innovations qui fa\u00e7onnent l&rsquo;avenir de l&rsquo;agriculture.<\/p>\n\n\n\n<p class=\"wp-block-paragraph\"><strong><em>Tout savoir sur l&rsquo;\u00e9v\u00e9nement &gt;&gt; <a href=\"https:\/\/www.lagriculteur.fr\/blog\/evenement\/sima-2022\/\">SIMA 2022<\/a><\/em><\/strong><\/p>\n\n\n\n<p class=\"wp-block-paragraph\">Autre illustration de ce \u00ab\u00a0renouveau\u00a0\u00bb, un riche programme de conf\u00e9rences abordant d&rsquo;innombrables questions li\u00e9es \u00e0 la transition. Que vous souhaitiez r\u00e9duire les intrants, \u00e9conomiser sur les co\u00fbts de m\u00e9canisation ou adapter les itin\u00e9raires techniques, cet \u00e9v\u00e9nement avait quelque chose \u00e0 offrir \u00e0 chacun. L&rsquo;objectif final \u00e9tait de faciliter le quotidien des agriculteurs en r\u00e9duisant leur charge de travail et leurs contraintes.<\/p>\n\n\n\n<p class=\"wp-block-paragraph\">Le dimanche 6 novembre, le ministre fran\u00e7ais de l&rsquo;Agriculture Marc Fesneau a assist\u00e9 aux Sima Innovation Awards, qui r\u00e9compensent l&rsquo;excellence dans le domaine des machines agricoles. Le ministre a profit\u00e9 de l&rsquo;occasion pour souligner l&rsquo;importance des <a href=\"https:\/\/www.lagriculteur.fr\/blog\/innovation-agricole-kverneland-etend-ses-horizons-avec-des-machines-agricoles-novatrices-et-polyvalentes\/\">machines agricoles<\/a>.<\/p>\n\n\n\n<p class=\"wp-block-paragraph\">Marc Fesneau a annonc\u00e9 la cr\u00e9ation d&rsquo;un fonds de 400 millions d&rsquo;euros dans le cadre du projet France 2030, afin de soutenir les investissements dans les technologies innovantes.<\/p>\n\n\n\n<h2 class=\"wp-block-heading\" id=\"nouvelles-innovations\">Nouvelles innovations<\/h2>\n\n\n\n<p class=\"wp-block-paragraph\">Kuhn est heureux d&rsquo;annoncer le retour de l&rsquo;Aero 32.1, d\u00e9sormais disponible en trois largeurs de travail de 27, 28 et 30 m\u00e8tres. Cette machine polyvalente est parfaite pour une vari\u00e9t\u00e9 d&rsquo;applications agricoles, et sa distribution est compatible avec la modulation de la coupe en 12 ou en sections. L&rsquo;Aero 32.1 pr\u00e9sente une conception robuste qui la rend durable et fiable, et son syst\u00e8me de coupe est con\u00e7u pour une efficacit\u00e9 maximale.<\/p>\n\n\n\n<h2 class=\"wp-block-heading\" id=\"le-semoir-a-dents-porte-et-repliable-horsh-spinter-sl\">Le semoir \u00e0 dents port\u00e9 et repliable Horsh Spinter SL<\/h2>\n\n\n\n<p class=\"wp-block-paragraph\">Horsh, l&rsquo;un des principaux fabricants d&rsquo;\u00e9quipements agricoles, a d\u00e9voil\u00e9 sa derni\u00e8re innovation : le Sprinter SL. Ce nouveau mod\u00e8le est un semoir \u00e0 dents port\u00e9 et repliable qui fonctionne en combinaison avec une tr\u00e9mie frontale. Chaque \u00e9l\u00e9ment est \u00e9quip\u00e9 de sa propre roue de jauge et de son propre releveur, ce qui le rend tr\u00e8s polyvalent et tr\u00e8s efficace.<\/p>\n\n\n\n<p class=\"wp-block-paragraph\">Le Sprinter SL n&rsquo;est pour l&rsquo;instant disponible qu&rsquo;en largeur de travail de 6 m\u00e8tres, mais Horsh pr\u00e9voit d&rsquo;\u00e9largir sa gamme \u00e0 l&rsquo;avenir. Ce nouveau mod\u00e8le va certainement r\u00e9volutionner le secteur agricole, en facilitant plus que jamais l&rsquo;obtention de rendements \u00e9lev\u00e9s. Gr\u00e2ce \u00e0 sa conception innovante et \u00e0 ses performances sup\u00e9rieures, le sprinter SL est s\u00fbr de devenir la r\u00e9f\u00e9rence pour les futurs semoirs \u00e0 dents.<\/p>\n\n\n\n<p class=\"wp-block-paragraph\"><a href=\"https:\/\/www.lagriculteur.fr\/\">>> D\u00e9couvrez notre gamme compl\u00e8te de pi\u00e8ces d\u00e9tach\u00e9es pour machines agricoles sur lagriculteur.fr<\/a><\/p>\n\n\n\n<h2 class=\"wp-block-heading\" id=\"le-tracteur-t7-de-new-holland\">Le tracteur T7 de New Holland<\/h2>\n\n\n\n<p class=\"wp-block-paragraph\">Le nouveau mod\u00e8le de tracteur T7 de New Holland est con\u00e7u avec un empattement plus long pour optimiser le rapport poids\/puissance et augmenter la puissance. Ce nouveau mod\u00e8le a \u00e9t\u00e9 pr\u00e9sent\u00e9 au public la veille de l&rsquo;ouverture du salon. <a href=\"https:\/\/www.lagriculteur.fr\/2732-new-holland\">New Holland<\/a> a travaill\u00e9 dur pour concevoir un tracteur qui r\u00e9ponde aux besoins de ses clients.<\/p>\n\n\n\n<p class=\"wp-block-paragraph\">Le nouveau tracteur T7 est exactement ce dont ils ont besoin. Avec un long empattement, ce tracteur peut supporter n&rsquo;importe quelle charge. Il est \u00e9galement dot\u00e9 d&rsquo;un moteur puissant qui permet d&rsquo;effectuer le travail rapidement et efficacement. Ce tracteur va certainement faciliter la vie des agriculteurs et des \u00e9leveurs.<\/p>\n\n\n\n<h2 class=\"wp-block-heading\" id=\"les-autres-innovations\">Les autres innovations<\/h2>\n\n\n\n<p class=\"wp-block-paragraph\">Les chenilles agricoles existent depuis des ann\u00e9es, mais elles sont g\u00e9n\u00e9ralement en m\u00e9tal. Aujourd&rsquo;hui, BKT a lanc\u00e9 une nouvelle chenille en caoutchouc sp\u00e9cialement con\u00e7ue pour l&rsquo;agriculture. Ces nouvelles chenilles sont fabriqu\u00e9es \u00e0 partir d&rsquo;un compos\u00e9 de caoutchouc sp\u00e9cial qui r\u00e9siste \u00e0 l&rsquo;abrasion et \u00e0 l&rsquo;usure. Elles sont par ailleurs dot\u00e9es d&rsquo;une bande de roulement unique qui contribue \u00e0 am\u00e9liorer la traction sur sol sec et humide.<\/p>\n\n\n\n<p class=\"wp-block-paragraph\">Gr\u00e2ce \u00e0 leurs performances sup\u00e9rieures et \u00e0 leur durabilit\u00e9, les nouvelles chenilles agricoles en caoutchouc de BKT vont parfaitement r\u00e9volutionner le secteur.<\/p>\n\n\n\n<p class=\"wp-block-paragraph\">La fertilisation est un \u00e9l\u00e9ment essentiel de la production v\u00e9g\u00e9tale, et Horsch est \u00e0 la pointe de l&rsquo;innovation dans ce domaine. Le nouvel \u00e9pandeur d&rsquo;engrais pneumatique de grande capacit\u00e9 de la soci\u00e9t\u00e9 sera disponible en 2024, et il promet de r\u00e9volutionner la fa\u00e7on dont les agriculteurs appliquent les engrais \u00e0 leurs cultures.<\/p>\n\n\n\n<p class=\"wp-block-paragraph\">Le syst\u00e8me de pulv\u00e9risation See &amp;Spray de John Deere, aussi disponible en 2024, ira encore plus loin en permettant aux agriculteurs de cibler les mauvaises herbes avec un herbicide plus pr\u00e9cis\u00e9ment que jamais. Ces nouveaux produits repr\u00e9sentent une avanc\u00e9e significative dans la technologie agricole, et ils auront sans aucun doute un impact positif sur les rendements des cultures et la rentabilit\u00e9 des exploitations.<\/p>\n\n\n\n<p class=\"wp-block-paragraph\">Case IH a d\u00e9voil\u00e9 une nouvelle addition \u00e0 sa gamme de tracteurs Magnum lors du SIMA 2022, un tracteur autonome \u00e9quip\u00e9 de la technologie Raven. Cette nouvelle innovation permet aux agriculteurs de contr\u00f4ler et de piloter le tracteur \u00e0 partir de la tablette situ\u00e9e dans la cabine de la moissonneuse-batteuse, ce qui peut s&rsquo;av\u00e9rer extr\u00eamement utile lorsque la main-d&rsquo;\u0153uvre disponible est limit\u00e9e pour g\u00e9rer des t\u00e2ches comme le vidage de la tr\u00e9mie. Le tracteur a \u00e9t\u00e9 tr\u00e8s bien accueilli par les participants au salon, et Case IH est convaincu qu&rsquo;il sera un atout pr\u00e9cieux pour de nombreuses exploitations agricoles.<\/p>\n\n\n\n<figure class=\"wp-block-gallery has-nested-images columns-default is-cropped wp-block-gallery-1 is-layout-flex wp-block-gallery-is-layout-flex\">\n<figure class=\"wp-block-image size-large\"><img loading=\"lazy\" decoding=\"async\" width=\"1024\" height=\"329\" data-id=\"7437\" src=\"https:\/\/www.lagriculteur.fr\/blog\/wp-content\/uploads\/2023\/12\/sima-1024x329.jpg\" alt=\"sima\" class=\"wp-image-7437\" srcset=\"https:\/\/www.lagriculteur.fr\/blog\/wp-content\/uploads\/2023\/12\/sima-1024x329.jpg 1024w, https:\/\/www.lagriculteur.fr\/blog\/wp-content\/uploads\/2023\/12\/sima-300x96.jpg 300w, https:\/\/www.lagriculteur.fr\/blog\/wp-content\/uploads\/2023\/12\/sima-768x247.jpg 768w, https:\/\/www.lagriculteur.fr\/blog\/wp-content\/uploads\/2023\/12\/sima.jpg 1245w\" sizes=\"auto, (max-width: 1024px) 100vw, 1024px\" \/><\/figure>\n<\/figure>\n\n\n\n<h2 class=\"wp-block-heading\" id=\"que-nous-reserve-l-avenir\">Que nous r\u00e9serve l&rsquo;avenir ?<\/h2>\n\n\n\n<p class=\"wp-block-paragraph\">Compte tenu de l&rsquo;\u00e9tat actuel de l&rsquo;\u00e9conomie, il n&rsquo;est pas surprenant que de nombreux fabricants aient consid\u00e9rablement r\u00e9duit leur surface d&rsquo;exposition et le nombre de machines pr\u00e9sent\u00e9es au Sima. Cependant, cette r\u00e9duction d&rsquo;\u00e9chelle \u00e9tait flagrante, voire d\u00e9cevante, pour les habitu\u00e9s du Sima comme <a href=\"https:\/\/www.lagriculteur.fr\/2656-jcb\">JCB<\/a>, Same Deutz-Fahr, Manitou ou le groupe italien Argo \u2013 McCormick et Landini.<\/p>\n\n\n\n<p class=\"wp-block-paragraph\">Les quatre halls de 2022 (contre huit en 2019) \u00e9taient \u00e9galement ponctu\u00e9s par des espaces de restauration. Heureusement, le paysage \u00e9tendu de la France offre l&rsquo;occasion parfaite pour les fabricants de tester leurs produits dans une grande vari\u00e9t\u00e9 de conditions. En fait, de nombreux fabricants voient le Sima comme une occasion de montrer leurs derni\u00e8res et meilleures machines en action.<\/p>\n\n\n\n<p class=\"wp-block-paragraph\">Si les exposants pr\u00e9sents au salon semblaient tous de bonne humeur, beaucoup d&rsquo;entre eux avaient quelques inqui\u00e9tudes quant \u00e0 l&rsquo;avenir de l&rsquo;\u00e9v\u00e9nement. En particulier, beaucoup ont estim\u00e9 que la politique tarifaire devait \u00eatre revue afin que l&rsquo;\u00e9v\u00e9nement reste en phase avec son positionnement. En outre, de nombreux agriculteurs n&rsquo;ont pas pu assister \u00e0 l&rsquo;exposition parce qu&rsquo;elle se d\u00e9roulait pendant la saison des plantations et que ce n&rsquo;\u00e9tait pas le bon moment pour eux.<\/p>\n\n\n\n<p class=\"wp-block-paragraph\">Cependant, il est difficile de cacher les questions que se posent les exposants, les visiteurs et les observateurs habitu\u00e9s \u00e0 un salon deux fois plus grand les ann\u00e9es pr\u00e9c\u00e9dentes. Les organisateurs ont justifi\u00e9 le nouveau positionnement du Sima par une \u00ab\u00a0volont\u00e9 de mieux r\u00e9pondre aux attentes des visiteurs et surtout de s&rsquo;inscrire plus logiquement dans le cycle de d\u00e9cision des entreprises\u00a0\u00bb. Les organisateurs de l&rsquo;Eima ont pareillement annonc\u00e9 leur intention de renforcer leur pr\u00e9sence en France avec un nouveau salon \u00e0 Paris en 2022. Mais cette \u00e9dition 2022 \u00e9tait en confrontation directe avec l&rsquo;Eima, un autre grand salon international qui a ouvert ses portes \u00e0 Bologne, en Italie, le mercredi 9 novembre.<\/p>\n\n\n\n<p class=\"wp-block-paragraph\"><a href=\"https:\/\/www.lagriculteur.fr\/blog\/sima-2024-annule-un-tournant-decisif-pour-lavenir-de-lagroequipement\/\">Rendez-vous au prochain SIMA qui aura lieu du 24 au 28 novembre 2024 !<\/a> <\/p>\n","protected":false},"excerpt":{"rendered":"<p>Bilan du SIMA 2022 Le moins que l&rsquo;on puisse dire, c&rsquo;est que les quatre derni\u00e8res ann\u00e9es ont \u00e9t\u00e9 tumultueuses. La pand\u00e9mie de Covid a boulevers\u00e9 presque tous les aspects de la vie, provoquant des perturbations g\u00e9n\u00e9ralis\u00e9es et obligeant les gens \u00e0 s&rsquo;adapter d&rsquo;une mani\u00e8re qui aurait sembl\u00e9 inimaginable il y a quelques ann\u00e9es \u00e0 peine. [&hellip;]<\/p>\n","protected":false},"author":6,"featured_media":7023,"comment_status":"open","ping_status":"open","sticky":false,"template":"","format":"standard","meta":{"_acf_changed":false,"_seopress_titles_title":"","_seopress_titles_desc":"","_seopress_robots_index":"","_seopress_robots_follow":"","_seopress_robots_imageindex":"","_seopress_robots_snippet":"","_seopress_robots_primary_cat":"none","_seopress_robots_breadcrumbs":"","_seopress_robots_freeze_modified_date":"","_seopress_robots_custom_modified_date":"","_seopress_robots_canonical":"","_seopress_social_fb_title":"","_seopress_social_fb_desc":"","_seopress_social_fb_img":"","_seopress_social_fb_img_attachment_id":0,"_seopress_social_fb_img_width":0,"_seopress_social_fb_img_height":0,"_seopress_social_twitter_title":"","_seopress_social_twitter_desc":"","_seopress_social_twitter_img":"","_seopress_social_twitter_img_attachment_id":0,"_seopress_social_twitter_img_width":0,"_seopress_social_twitter_img_height":0,"_seopress_redirections_value":"","_seopress_redirections_enabled":"","_seopress_redirections_enabled_regex":"","_seopress_redirections_logged_status":"both","_seopress_redirections_param":"","_seopress_redirections_type":301,"_seopress_analysis_target_kw":"","_seopress_news_disabled":"","_seopress_video_disabled":"","_seopress_video":[],"_seopress_pro_schemas_manual":[],"_seopress_pro_rich_snippets_disable_all":"","_seopress_pro_rich_snippets_disable":[],"_seopress_pro_schemas":[],"_gspb_post_css":"","footnotes":""},"categories":[359,365],"tags":[],"libelle":[],"class_list":["post-7020","post","type-post","status-publish","format-standard","has-post-thumbnail","category-actualites","category-innovation"],"blocksy_meta":{"styles_descriptor":{"styles":{"desktop":"","tablet":"","mobile":""},"google_fonts":[],"version":7}},"acf":[],"_links":{"self":[{"href":"https:\/\/www.lagriculteur.fr\/blog\/wp-json\/wp\/v2\/posts\/7020","targetHints":{"allow":["GET"]}}],"collection":[{"href":"https:\/\/www.lagriculteur.fr\/blog\/wp-json\/wp\/v2\/posts"}],"about":[{"href":"https:\/\/www.lagriculteur.fr\/blog\/wp-json\/wp\/v2\/types\/post"}],"author":[{"embeddable":true,"href":"https:\/\/www.lagriculteur.fr\/blog\/wp-json\/wp\/v2\/users\/6"}],"replies":[{"embeddable":true,"href":"https:\/\/www.lagriculteur.fr\/blog\/wp-json\/wp\/v2\/comments?post=7020"}],"version-history":[{"count":2,"href":"https:\/\/www.lagriculteur.fr\/blog\/wp-json\/wp\/v2\/posts\/7020\/revisions"}],"predecessor-version":[{"id":8459,"href":"https:\/\/www.lagriculteur.fr\/blog\/wp-json\/wp\/v2\/posts\/7020\/revisions\/8459"}],"wp:featuredmedia":[{"embeddable":true,"href":"https:\/\/www.lagriculteur.fr\/blog\/wp-json\/wp\/v2\/media\/7023"}],"wp:attachment":[{"href":"https:\/\/www.lagriculteur.fr\/blog\/wp-json\/wp\/v2\/media?parent=7020"}],"wp:term":[{"taxonomy":"category","embeddable":true,"href":"https:\/\/www.lagriculteur.fr\/blog\/wp-json\/wp\/v2\/categories?post=7020"},{"taxonomy":"post_tag","embeddable":true,"href":"https:\/\/www.lagriculteur.fr\/blog\/wp-json\/wp\/v2\/tags?post=7020"},{"taxonomy":"libelle","embeddable":true,"href":"https:\/\/www.lagriculteur.fr\/blog\/wp-json\/wp\/v2\/libelle?post=7020"}],"curies":[{"name":"wp","href":"https:\/\/api.w.org\/{rel}","templated":true}]}}