{"id":7025,"date":"2018-12-05T16:22:00","date_gmt":"2018-12-05T15:22:00","guid":{"rendered":"https:\/\/www.uwant.fr\/?p=7025"},"modified":"2024-05-24T09:27:01","modified_gmt":"2024-05-24T07:27:01","slug":"le-salon-international-du-machinisme-agricole-2019-sima-2019","status":"publish","type":"post","link":"https:\/\/www.lagriculteur.fr\/blog\/le-salon-international-du-machinisme-agricole-2019-sima-2019\/","title":{"rendered":"Le Salon International du Machinisme Agricole 2019 (SIMA 2019)"},"content":{"rendered":"\n<p class=\"wp-block-paragraph\">Mise \u00e0 jour : <a href=\"https:\/\/www.lagriculteur.fr\/blog\/retour-sur-le-sima-2022\/\" data-type=\"post\" data-id=\"669\">Retour sur le SIMA 2022<\/a><\/p>\n\n\n\n<p class=\"wp-block-paragraph\">Le Salon International du Machinisme Agricole (SIMA) signe son grand retour en 2019. Le SIMA, qui se tient tous les deux ans, rouvre ses portes apr\u00e8s le succ\u00e8s de ses pr\u00e9c\u00e9dentes sessions. Ce salon d\u00e9di\u00e9 aux professionnels du domaine agricole a r\u00e9uni pr\u00e8s de 232&nbsp;000 personnes et concentr\u00e9 1770 entreprises en 2017. Des chiffres impressionnants qui ne demandent qu\u2019\u00e0 \u00eatre surpass\u00e9s en 2019.<\/p>\n\n\n\n<p class=\"wp-block-paragraph\">Ce rendez-vous international se tiendra \u00e0 Paris du :<\/p>\n\n\n\n<ul class=\"wp-block-list\">\n<li>Dimanche 24 f\u00e9vrier au jeudi 28 f\u00e9vrier 2019.<\/li>\n\n\n\n<li>Les horaires de visite sont de 8 h 30 \u00e0 18h.<\/li>\n\n\n\n<li>L\u2019adresse du SIMA 2019 est le Parc des expositions de Paris Nord Villepinte, ZAC Paris Nord 2, 93420 Villepinte.<\/li>\n<\/ul>\n\n\n\n<p class=\"wp-block-paragraph\">En ce qui concerne les r\u00e9servations et les tarifs, simaonline s\u2019occupe de tout. Des tarifs pr\u00e9f\u00e9rentiels sont d\u00e8s \u00e0 pr\u00e9sent&nbsp;disponible pour toutes personnes souhaitant r\u00e9server en ligne.<\/p>\n\n\n\n<h2 class=\"wp-block-heading\" id=\"voici-un-resume-des-offres-presentees-sur-le-site-simaoline\">Voici un r\u00e9sum\u00e9 des offres pr\u00e9sent\u00e9es sur le site simaoline&nbsp;:<\/h2>\n\n\n\n<ul class=\"wp-block-list\">\n<li><strong>Les tarifs visiteurs<\/strong>&nbsp;: 30 \u20ac TTC en ligne ou 40 \u20ac TTC sur place.<\/li>\n\n\n\n<li><strong>Les tarifs de groupe<\/strong> (10 personnes minimum)&nbsp;: 25 \u20ac TTC en ligne ou 40 \u20ac TTC sur place (prix par<\/li>\n\n\n\n<li>personne).<\/li>\n\n\n\n<li><strong>Groupe \u00e9tudiant<\/strong>&nbsp;: gratuit sur pr\u00e9sentation d\u2019un justificatif.<\/li>\n<\/ul>\n\n\n\n<p class=\"wp-block-paragraph\">Afin de vous donner un aper\u00e7u plus clair et approfondi de ce salon international, nous allons d\u00e9couvrir ensemble les sujets et les secteurs mis \u00e0 l\u2019honneur en 2019.<\/p>\n\n\n\n<p class=\"wp-block-paragraph\">Le SIMA est le point de rendez-vous international des agriculteurs. Venez d\u00e9couvrir les nouveaut\u00e9s concernant les grandes cultures, l\u2019\u00e9levage et les cultures sp\u00e9cialis\u00e9es. En somme, le SIMA 2019 aborde 15 secteurs diff\u00e9rents de l\u2019agriculture et fait intervenir pas moins de 700 professionnels. <\/p>\n\n\n\n<p class=\"wp-block-paragraph\">Les secteurs trait\u00e9s lors de cette nouvelle \u00e9dition sont&nbsp;:<\/p>\n\n\n\n<ul class=\"wp-block-list\">\n<li>Les tractions.<\/li>\n\n\n\n<li>La protection des plantes.<\/li>\n\n\n\n<li>La traite et les \u00e9quipements laitiers.<\/li>\n\n\n\n<li>Les \u00e9quipements d\u2019\u00e9levage.<\/li>\n\n\n\n<li>Le d\u00e9veloppement durable.<\/li>\n\n\n\n<li>Les composants pi\u00e8ces et accessoires embarqu\u00e9s.<\/li>\n\n\n\n<li>L\u2019irrigation.<\/li>\n\n\n\n<li>Le mat\u00e9riel sp\u00e9cifique pour les espaces verts et forestiers.<\/li>\n\n\n\n<li>Les \u00e9quipements de cultures tropicales.<\/li>\n\n\n\n<li>Le travail du sol, semis et plantations.<\/li>\n\n\n\n<li>La r\u00e9colte.<\/li>\n\n\n\n<li>L\u2019apr\u00e8s-r\u00e9colte.<\/li>\n\n\n\n<li>La manutention, le transport et le stockage.<\/li>\n\n\n\n<li>La gestion, l\u2019informatique et les logiciels de traitements de donn\u00e9es.<\/li>\n\n\n\n<li>Les institutions, les services et les conseils.<\/li>\n<\/ul>\n\n\n\n<p class=\"wp-block-paragraph\">Le salon offre un panel de sujets assez \u00e9tendu pour pouvoir combler les attentes de tous les professionnels du secteur. Il ne vous reste plus qu\u2019\u00e0 r\u00e9server vos places sans plus tarder.<\/p>\n\n\n\n<h2 class=\"wp-block-heading\" id=\"sima-innovation-awards-2019\">SIMA Innovation Awards 2019<\/h2>\n\n\n\n<p class=\"wp-block-paragraph\">Les SIMA Innovation awards permettent de r\u00e9compenser les appareils, les produits et les techniques les plus prometteuses. Cette ann\u00e9e, les r\u00e9compenses ont \u00e9t\u00e9 attribu\u00e9es le 22 novembre 2018 par un jury constitu\u00e9 de 30 personnes issues de domaines diff\u00e9rents. Ce jury tri\u00e9 sur le volet par Comexposium, a jug\u00e9 les diff\u00e9rents participants selon 3 crit\u00e8res&nbsp;:<\/p>\n\n\n\n<ul class=\"wp-block-list\">\n<li>Le num\u00e9rique en agriculture.<\/li>\n\n\n\n<li>La qualit\u00e9 du travail et des performances des machines.<\/li>\n\n\n\n<li>La s\u00e9curit\u00e9, le confort et la sant\u00e9 au travail.<\/li>\n\n\n\n<li>Les m\u00e9dailles d\u2019or pour <a href=\"https:\/\/www.lagriculteur.fr\/2553-claas\">CLASS <\/a>et LAFORGE<\/li>\n<\/ul>\n\n\n\n<figure class=\"wp-block-image size-large\"><img loading=\"lazy\" decoding=\"async\" width=\"1024\" height=\"329\" src=\"https:\/\/www.lagriculteur.fr\/blog\/wp-content\/uploads\/2023\/12\/sima-1024x329.jpg\" alt=\"sima\" class=\"wp-image-7437\" srcset=\"https:\/\/www.lagriculteur.fr\/blog\/wp-content\/uploads\/2023\/12\/sima-1024x329.jpg 1024w, https:\/\/www.lagriculteur.fr\/blog\/wp-content\/uploads\/2023\/12\/sima-300x96.jpg 300w, https:\/\/www.lagriculteur.fr\/blog\/wp-content\/uploads\/2023\/12\/sima-768x247.jpg 768w, https:\/\/www.lagriculteur.fr\/blog\/wp-content\/uploads\/2023\/12\/sima.jpg 1245w\" sizes=\"auto, (max-width: 1024px) 100vw, 1024px\" \/><\/figure>\n\n\n\n<h3 class=\"wp-block-heading\" id=\"les-2-medailles-d-or\">Les 2 m\u00e9dailles d&rsquo;or<\/h3>\n\n\n\n<p class=\"wp-block-paragraph\">La premi\u00e8re m\u00e9daille d\u2019or revient au constructeur allemand CLAAS pour son ensileuse \u00e0 chenilles suspendues avec le mod\u00e8le Jaguar 960 Terra Trac.<\/p>\n\n\n\n<p class=\"wp-block-paragraph\">La seconde m\u00e9daille d\u2019or quant \u00e0 elle a \u00e9t\u00e9 attribu\u00e9e au constructeur de mat\u00e9riel agricole LAFORGE pour son interface de guidage de l\u2019outil avec le Dynatrac.<\/p>\n\n\n\n<p class=\"wp-block-paragraph\"><strong><a href=\"https:\/\/www.lagriculteur.fr\/blog\/evenement\/sima-2017\/\">C&rsquo;est le moment d&rsquo;en apprendre plus sur le SIMA 2017 !<\/a><\/strong><\/p>\n\n\n\n<h3 class=\"wp-block-heading\" id=\"les-5-medailles-d-argent\">Les 5 m\u00e9dailles d\u2019argent<\/h3>\n\n\n\n<ol class=\"wp-block-list\">\n<li>Une m\u00e9daille d\u2019argent <strong>SIMA Innovation Awards<\/strong> a \u00e9t\u00e9 remise \u00e0 <strong>JOHN DEERE<\/strong> et <strong>AIRBUS DEFENCE AND SPACE<\/strong>. Cette r\u00e9compense leur a \u00e9t\u00e9 d\u00e9cern\u00e9e pour leur <strong>Live NBalance<\/strong> (suivi dynamique de l\u2019azote par imagerie satellite et capteurs machine). Ce syst\u00e8me permet de <strong>mesurer et cartographier le taux d\u2019azote<\/strong> des cultures en temps r\u00e9el.<\/li>\n\n\n\n<li><strong>BOSCH FRANCE<\/strong> pour son <strong>Field Sensor<\/strong> (<strong>suivi dynamique de la v\u00e9g\u00e9tation<\/strong> par capteurs connect\u00e9s aux champs pour l\u2019aide au pilotage des cultures) re\u00e7oit \u00e9galement une m\u00e9daille d\u2019argent.<\/li>\n\n\n\n<li><strong>JOHN DEERE<\/strong> revient sur le devant de la sc\u00e8ne, mais seul cette fois. La soci\u00e9t\u00e9 am\u00e9ricaine obtient une nouvelle m\u00e9daille d\u2019argent pour son <strong>Support connect\u00e9<\/strong> (<strong>support proactif et collaboratif<\/strong> des mat\u00e9riels agricoles).<\/li>\n\n\n\n<li><strong>KUHN<\/strong>, la soci\u00e9t\u00e9 fran\u00e7aise d\u00e9croche \u00e9galement une m\u00e9daille d\u2019argent pour cette session 2019. Ce troph\u00e9e lui a \u00e9t\u00e9 attribu\u00e9 pour son <strong>REDVISTA, une assistance virtuelle d\u2019entretien courant<\/strong> et de r\u00e9glage de base.<\/li>\n\n\n\n<li>Enfin, la derni\u00e8re m\u00e9daille d\u2019argent a \u00e9t\u00e9 attribu\u00e9e \u00e0 <strong>SODIJANTES INDUSTRIE<\/strong> pour son <strong>TANK AIR WHEEL, une roue \u00e0 r\u00e9servoir d\u2019air int\u00e9gr\u00e9<\/strong>.<\/li>\n<\/ol>\n\n\n\n<h3 class=\"wp-block-heading\" id=\"20-medailles-de-bronze\">20 m\u00e9dailles de bronze<\/h3>\n\n\n\n<p class=\"wp-block-paragraph\">Les prim\u00e9s pour ce SIMA 2019 sont&nbsp;:<\/p>\n\n\n\n<ol class=\"wp-block-list\">\n<li><strong>AMAZONE<\/strong>&nbsp;: WindControl.<\/li>\n\n\n\n<li><strong>ARBOS FRANCE<\/strong>&nbsp;: Arbos Blaster.<\/li>\n\n\n\n<li><strong>BEISER ENVIRONNEMENT<\/strong>&nbsp;: Fourrage lib.<\/li>\n\n\n\n<li><strong>BERTHOUD&nbsp;<\/strong>: BERTHOUD RENT.<\/li>\n\n\n\n<li><strong>CASE IH<\/strong>&nbsp;: Case IH XPower.<\/li>\n\n\n\n<li><strong>CLASS&nbsp;<\/strong>: CLASS CONVIO FLEX.<\/li>\n\n\n\n<li><strong>CLASS&nbsp;<\/strong>: Torion Sinus.<\/li>\n\n\n\n<li><strong>CLIMATE FIELDVIEW<\/strong>&nbsp;: Climate FieldViewTM.<\/li>\n\n\n\n<li><strong>DE SANGOSSE<\/strong>&nbsp;: LIMACAPT.<\/li>\n\n\n\n<li><strong>HYDROKIT&nbsp;<\/strong>: Kit 3 \u00e8me main pour 3 \u00e8me point.<\/li>\n\n\n\n<li><strong>ISAGRI&nbsp;<\/strong>: Fernand l\u2019assistant.<\/li>\n\n\n\n<li><strong>JOURDAIN SAS<\/strong>&nbsp;: Passage large avec Surlock.<\/li>\n\n\n\n<li><strong>KARNOTT&nbsp;<\/strong>: Karnott.<\/li>\n\n\n\n<li><strong><a href=\"https:\/\/www.lagriculteur.fr\/2681-kverneland\">KVERNELAND <\/a>GROUP FRANCE SAS<\/strong>\u00a0: Microgranulateur Kverneland.<\/li>\n\n\n\n<li><strong>MANITOU GROUP<\/strong>&nbsp;: Eco Stop.<\/li>\n\n\n\n<li><strong>MANITOU GROUP<\/strong>&nbsp;: Valorisation des chariots t\u00e9lescopiques MANITOU en fin d\u2019usage.<\/li>\n\n\n\n<li><strong>NEW HOLLAND AGRICULTURE<\/strong>&nbsp;: Inverseur de DFR.<\/li>\n\n\n\n<li><strong>RABAUD&nbsp;<\/strong>: LAVICOLE.<\/li>\n\n\n\n<li><strong>TRIMBLE&nbsp;<\/strong>: A-100 Asset Tag and Auto Asset Selection App.<\/li>\n\n\n\n<li><strong>TRIMBLE&nbsp;<\/strong>: AutoSync.<\/li>\n<\/ol>\n\n\n\n<p class=\"wp-block-paragraph\">D\u00e9couvrez l&rsquo;ensemble de nos pi\u00e8ces adaptables pour engins agricoles sur notre boutique <a href=\"http:\/\/lagriculteur.fr\/\" target=\"_blank\" rel=\"noopener\">lagriculteur.fr<\/a><\/p>\n","protected":false},"excerpt":{"rendered":"<p>Mise \u00e0 jour : Retour sur le SIMA 2022 Le Salon International du Machinisme Agricole (SIMA) signe son grand retour en 2019. Le SIMA, qui se tient tous les deux ans, rouvre ses portes apr\u00e8s le succ\u00e8s de ses pr\u00e9c\u00e9dentes sessions. Ce salon d\u00e9di\u00e9 aux professionnels du domaine agricole a r\u00e9uni pr\u00e8s de 232&nbsp;000 personnes [&hellip;]<\/p>\n","protected":false},"author":6,"featured_media":7028,"comment_status":"open","ping_status":"open","sticky":false,"template":"","format":"standard","meta":{"_acf_changed":false,"_seopress_titles_title":"","_seopress_titles_desc":"","_seopress_robots_index":"","_seopress_robots_follow":"","_seopress_robots_imageindex":"","_seopress_robots_snippet":"","_seopress_robots_primary_cat":"none","_seopress_robots_breadcrumbs":"","_seopress_robots_freeze_modified_date":"","_seopress_robots_custom_modified_date":"","_seopress_robots_canonical":"","_seopress_social_fb_title":"","_seopress_social_fb_desc":"","_seopress_social_fb_img":"","_seopress_social_fb_img_attachment_id":0,"_seopress_social_fb_img_width":0,"_seopress_social_fb_img_height":0,"_seopress_social_twitter_title":"","_seopress_social_twitter_desc":"","_seopress_social_twitter_img":"","_seopress_social_twitter_img_attachment_id":0,"_seopress_social_twitter_img_width":0,"_seopress_social_twitter_img_height":0,"_seopress_redirections_value":"","_seopress_redirections_enabled":"","_seopress_redirections_enabled_regex":"","_seopress_redirections_logged_status":"both","_seopress_redirections_param":"","_seopress_redirections_type":301,"_seopress_analysis_target_kw":"","_seopress_news_disabled":"","_seopress_video_disabled":"","_seopress_video":[],"_seopress_pro_schemas_manual":[],"_seopress_pro_rich_snippets_disable_all":"","_seopress_pro_rich_snippets_disable":[],"_seopress_pro_schemas":[],"_gspb_post_css":"","footnotes":""},"categories":[359],"tags":[],"libelle":[],"class_list":["post-7025","post","type-post","status-publish","format-standard","has-post-thumbnail","category-actualites"],"blocksy_meta":{"styles_descriptor":{"styles":{"desktop":"","tablet":"","mobile":""},"google_fonts":[],"version":7}},"acf":[],"_links":{"self":[{"href":"https:\/\/www.lagriculteur.fr\/blog\/wp-json\/wp\/v2\/posts\/7025","targetHints":{"allow":["GET"]}}],"collection":[{"href":"https:\/\/www.lagriculteur.fr\/blog\/wp-json\/wp\/v2\/posts"}],"about":[{"href":"https:\/\/www.lagriculteur.fr\/blog\/wp-json\/wp\/v2\/types\/post"}],"author":[{"embeddable":true,"href":"https:\/\/www.lagriculteur.fr\/blog\/wp-json\/wp\/v2\/users\/6"}],"replies":[{"embeddable":true,"href":"https:\/\/www.lagriculteur.fr\/blog\/wp-json\/wp\/v2\/comments?post=7025"}],"version-history":[{"count":3,"href":"https:\/\/www.lagriculteur.fr\/blog\/wp-json\/wp\/v2\/posts\/7025\/revisions"}],"predecessor-version":[{"id":8457,"href":"https:\/\/www.lagriculteur.fr\/blog\/wp-json\/wp\/v2\/posts\/7025\/revisions\/8457"}],"wp:featuredmedia":[{"embeddable":true,"href":"https:\/\/www.lagriculteur.fr\/blog\/wp-json\/wp\/v2\/media\/7028"}],"wp:attachment":[{"href":"https:\/\/www.lagriculteur.fr\/blog\/wp-json\/wp\/v2\/media?parent=7025"}],"wp:term":[{"taxonomy":"category","embeddable":true,"href":"https:\/\/www.lagriculteur.fr\/blog\/wp-json\/wp\/v2\/categories?post=7025"},{"taxonomy":"post_tag","embeddable":true,"href":"https:\/\/www.lagriculteur.fr\/blog\/wp-json\/wp\/v2\/tags?post=7025"},{"taxonomy":"libelle","embeddable":true,"href":"https:\/\/www.lagriculteur.fr\/blog\/wp-json\/wp\/v2\/libelle?post=7025"}],"curies":[{"name":"wp","href":"https:\/\/api.w.org\/{rel}","templated":true}]}}