{"id":7076,"date":"2017-05-18T16:42:00","date_gmt":"2017-05-18T14:42:00","guid":{"rendered":"https:\/\/www.uwant.fr\/?p=7076"},"modified":"2024-05-23T16:00:36","modified_gmt":"2024-05-23T14:00:36","slug":"les-forges-de-niaux-le-specialiste-de-la-piece-dusure-agricole","status":"publish","type":"post","link":"https:\/\/www.lagriculteur.fr\/blog\/les-forges-de-niaux-le-specialiste-de-la-piece-dusure-agricole\/","title":{"rendered":"Les Forges de Niaux, le sp\u00e9cialiste de la pi\u00e8ce d&rsquo;usure agricole"},"content":{"rendered":"\n<p class=\"wp-block-paragraph\">La pr\u00e9sence de forges en Ari\u00e8ge remonte au XVIIe si\u00e8cle, d\u00e9but de la p\u00e9riode \u00e0 laquelle commen\u00e7a l\u2019exploitation des gisements de minerai de fer de la r\u00e9gion. \u00c0 l\u2019\u00e9poque, on d\u00e9nombrait une douzaine de forges entre Tarascon et Niaux. Toutes ces exploitations relevaient du proc\u00e9d\u00e9 de la forge Catalane qui a disparu vers 1860 avec l\u2019apparition des hauts fourneaux.<\/p>\n\n\n\n<p class=\"wp-block-paragraph\">La soci\u00e9t\u00e9 <strong>Forges de Niaux<\/strong> \u00e0 quant \u00e0 elle \u00e9t\u00e9 fond\u00e9e en 1880. Depuis cette date, l\u2019entreprise a toujours d\u00e9cid\u00e9 de m\u00ealer tradition et innovation&nbsp;: deux axes qui lui ont permis de traverser les d\u00e9cennies.<\/p>\n\n\n\n<h2 class=\"wp-block-heading\" id=\"l-innovation-au-service-du-succes\">L\u2019innovation au service du succ\u00e8s.<\/h2>\n\n\n\n<p class=\"wp-block-paragraph\">C\u2019est juste apr\u00e8s-guerre que <strong>Forges de Niaux<\/strong> ont entam\u00e9 leur d\u00e9veloppement. En misant sur les progr\u00e8s techniques dans le domaine du <a href=\"https:\/\/www.lagriculteur.fr\/\" target=\"_blank\" rel=\"noopener\">travail du sol<\/a>, l\u2019entreprise a d\u00e9cid\u00e9 de se sp\u00e9cialiser dans la production de pi\u00e8ces d\u2019usure agricoles.<\/p>\n\n\n\n<p class=\"wp-block-paragraph\">Et c\u2019est en voyant les outils et les techniques \u00e9voluer outre-Atlantique puis petit \u00e0 petit en Europe que la soci\u00e9t\u00e9 s\u2019est lanc\u00e9e dans la production de disques. En effet l\u2019apparition de puissants tracteurs et de grosses herses lui ont permis de se sp\u00e9cialiser dans l\u2019agriculture pour ne plus d\u00e9pendre de la simple production traditionnelle. C\u2019est ce positionnement strat\u00e9gique qui a permis \u00e0 Forges de Niaux d\u2019assurer sa p\u00e9rennit\u00e9 en se positionnant comme le leader mondial sur son march\u00e9.<\/p>\n\n\n\n<h2 class=\"wp-block-heading\" id=\"la-recherche-et-developpement\">La Recherche et D\u00e9veloppement :<\/h2>\n\n\n\n<p class=\"wp-block-paragraph\">Depuis 1947, de lourds investissements ont sans cesse \u00e9t\u00e9 r\u00e9alis\u00e9s dans le but rendre leurs produits toujours plus performants et r\u00e9sistants. Et c\u2019est en 1985 que<strong> Les Forges de Niaux <\/strong>ont \u00e9t\u00e9 la premi\u00e8re compagnie au monde \u00e0 utiliser <strong>l\u2019acier au bore<\/strong> dans leurs produits. Cette nuance est maintenant devenue le standard dans la profession.<\/p>\n\n\n\n<p class=\"wp-block-paragraph\">C\u2019est en allant d\u2019innovations en innovations que les Forges de Niaux ont toujours sur conserver une avance technologique sur la concurrence.&nbsp; Afin de r\u00e9pondre toujours mieux aux attentes des agriculteurs, l&rsquo;entreprise propose aujourd\u2019hui \u00e0 ses clients un nouveau produit brevet\u00e9&nbsp;:<a href=\"https:\/\/www.forgesdeniaux.com\/fr\/niaux-200\" data-type=\"URL\" data-id=\"https:\/\/www.forgesdeniaux.com\/fr\/niaux-200\" target=\"_blank\" rel=\"noopener\"> Le Niaux 200<\/a>.<\/p>\n\n\n\n<h2 class=\"wp-block-heading\" id=\"le-niaux-200\">Le Niaux 200 :<\/h2>\n\n\n\n<p class=\"wp-block-paragraph\">Issu d\u2019une combinaison entre un nouvel acier et un nouveau proc\u00e9d\u00e9 de fabrication ce disque offre \u00e0 la fois une duret\u00e9 exceptionnelle de 215 kg\/mm\u00b2 dans la zone de travail ainsi qu\u2019une excellente flexibilit\u00e9. Il permet donc d\u2019absorber les chocs sans se briser. C\u2019est gr\u00e2ce \u00e0 ce gradient de duret\u00e9 que la long\u00e9vit\u00e9 de la pi\u00e8ce se trouve accrue de 80%. Ce disque apporte aux exploitants agricoles une source de productivit\u00e9 importante lors des diverses op\u00e9rations de travail du sol telles que le d\u00e9chaumage, le d\u00e9compactage ou encore le semis.<\/p>\n\n\n\n<h2 class=\"wp-block-heading\" id=\"forges-de-niaux-un-fournisseur-integre\">Forges de Niaux&nbsp;: Un fournisseur int\u00e9gr\u00e9.<\/h2>\n\n\n\n<p class=\"wp-block-paragraph\">Gr\u00e2ce \u00e0 ses capacit\u00e9s de conception et de prototypage uniques dans ce secteur, <strong>Forges de Niaux<\/strong> est consid\u00e9r\u00e9 comme un fournisseur privil\u00e9gi\u00e9. L&rsquo;entreprise est capable d\u2019intervenir tr\u00e8s en amont dans les projets de ses clients. Selon un salari\u00e9 de l\u2019entreprise&nbsp;:<\/p>\n\n\n\n<p class=\"wp-block-paragraph\">\u2018<em>\u2019On ne peut se passer&nbsp;d\u2019identifier les besoins de ses clients.<\/em> <em>Dans un secteur \u00e9troit comme l\u2019est encore aujourd\u2019hui le machinisme agricole&nbsp;ce qui importe, c&rsquo;est de nouer des relations personnelles<\/em>.&nbsp;<\/p>\n\n\n\n<h2 class=\"wp-block-heading\" id=\"la-qualite-forges-de-niaux\">La Qualit\u00e9 Forges de Niaux :<\/h2>\n\n\n\n<p class=\"wp-block-paragraph\">Allez parler aujourd\u2019hui \u00e0 un exploitant agricole de la \u00ab qualit\u00e9 Forges de Niaux \u00bb. Sa r\u00e9ponse sera sans appel. En effet, les produits Forges de Niaux sont reconnus depuis plus de 60 ans par les utilisateurs comme les plus robustes du march\u00e9. Cette image construite dans la dur\u00e9e ne doit rien au hasard. Les Hommes de l\u2019entreprise associ\u00e9s \u00e0 des technologies de pointe l&rsquo;ont port\u00e9e vers l\u2019excellence.<\/p>\n\n\n\n<p class=\"wp-block-paragraph\">Selon Jean-Fran\u00e7ois, agriculteur dans le Lauragais : <em>\u00ab&nbsp;L\u2019utilisation des produits Niaux sur nos terres nous apporte un avantage concurrentiel certain car les pi\u00e8ces s\u2019usent moins. Nos temps d&rsquo;arr\u00eats pour remplacer les pi\u00e8ces d&rsquo;usures sont ainsi&nbsp;r\u00e9duits &nbsp;\u00bb.&nbsp;<\/em>Jean Fran\u00e7ois nous a propos\u00e9 de venir constater par nous m\u00eame l\u2019usure de ses disques sur son d\u00e9chaumeur <strong>LEMKEN RUBIN 9.&nbsp;<\/strong>Apr\u00e8s environ 1500 hectares, les disques sont encore en excellent \u00e9tat. Les biseaux et cr\u00e9neaux sont encore bien visibles. Les disques pourront certainement d\u00e9passer les 3000 hectares de travail \u00e0 plus de 14 km\/h de moyenne, et qui plus est dans une terre Lauragaise tr\u00e8s abrasive.<\/p>\n\n\n\n<h2 class=\"wp-block-heading\" id=\"forges-de-niaux-aujourd-hui\">Forges de Niaux aujourd\u2019hui&nbsp;:<\/h2>\n\n\n\n<p class=\"wp-block-paragraph\">C\u2019est donc gr\u00e2ce \u00e0 l\u2019innovation et la qualit\u00e9 que <strong>Forges de Niaux<\/strong> a su se placer comme un acteur majeur sur le march\u00e9. Aujourd\u2019hui tr\u00e8s largement implant\u00e9e en Europe l\u2019entreprise b\u00e9n\u00e9ficie de la confiance des plus grands constructeurs tels que <strong>HORSCH, <a href=\"https:\/\/www.lagriculteur.fr\/blog\/innovation-agricole-kverneland-etend-ses-horizons-avec-des-machines-agricoles-novatrices-et-polyvalentes\/\">KVERNELAND<\/a>, SULKY BUREL, QUIVOGNE, GREGOIRE &amp; BESSON, BEDNAR<\/strong> ou encore <strong>MONOSEM <\/strong>pour ne citer qu\u2019eux.<\/p>\n\n\n\n<p class=\"wp-block-paragraph\">Mais <strong>Forges de Niaux<\/strong> ne s\u2019est pas arr\u00eat\u00e9 l\u00e0. R\u00e9alisant pr\u00e8s de 85% de son chiffre d\u2019affaire \u00e0 l\u2019export, elle b\u00e9n\u00e9ficie aussi d\u2019implantations solides en Australie, en Asie (ou une repr\u00e9sentation a \u00e9t\u00e9 ouverte en 2014) au Maghreb et dans de nombreux pays d\u2019Am\u00e9rique du Sud.<\/p>\n\n\n\n<p class=\"wp-block-paragraph\">Le march\u00e9 Nord-Am\u00e9ricain quant \u00e0 lui est en plein d\u00e9veloppement. Port\u00e9e par de grandes marques comme <strong>JOHN DEERE<\/strong>, <strong>BOURGAULT<\/strong> ou encore <strong>DEGELMAN<\/strong>, la soci\u00e9t\u00e9 a ouvert un bureau commercial pour couvrir les zones \u00c9tats-Unis et Canada.<\/p>\n\n\n\n<p class=\"wp-block-paragraph\">Forges de Niaux aujourd\u2019hui c\u2019est&nbsp;:<\/p>\n\n\n\n<ul class=\"wp-block-list\">\n<li>Une exportation vers les 5 continents.<\/li>\n\n\n\n<li>70 ann\u00e9es d\u2019exp\u00e9riences.<\/li>\n\n\n\n<li>120 employ\u00e9s.<\/li>\n\n\n\n<li>1&nbsp;500&nbsp;000 disques produits par an.<\/li>\n\n\n\n<li>14&nbsp;000 tonnes d\u2019acier trait\u00e9es par an.<\/li>\n<\/ul>\n\n\n\n<figure class=\"wp-block-embed is-type-video is-provider-youtube wp-block-embed-youtube wp-embed-aspect-16-9 wp-has-aspect-ratio\"><div class=\"wp-block-embed__wrapper\">\n<iframe loading=\"lazy\" title=\"NIAUX 200 Fr\" width=\"1290\" height=\"726\" src=\"https:\/\/www.youtube.com\/embed\/hHFPIaWA_5U?feature=oembed\" frameborder=\"0\" allow=\"accelerometer; autoplay; clipboard-write; encrypted-media; gyroscope; picture-in-picture; web-share\" allowfullscreen><\/iframe>\n<\/div><\/figure>\n","protected":false},"excerpt":{"rendered":"<p>La pr\u00e9sence de forges en Ari\u00e8ge remonte au XVIIe si\u00e8cle, d\u00e9but de la p\u00e9riode \u00e0 laquelle commen\u00e7a l\u2019exploitation des gisements de minerai de fer de la r\u00e9gion. \u00c0 l\u2019\u00e9poque, on d\u00e9nombrait une douzaine de forges entre Tarascon et Niaux. Toutes ces exploitations relevaient du proc\u00e9d\u00e9 de la forge Catalane qui a disparu vers 1860 avec [&hellip;]<\/p>\n","protected":false},"author":6,"featured_media":7079,"comment_status":"open","ping_status":"open","sticky":false,"template":"","format":"standard","meta":{"_acf_changed":false,"_seopress_titles_title":"","_seopress_titles_desc":"","_seopress_robots_index":"","_seopress_robots_follow":"","_seopress_robots_imageindex":"","_seopress_robots_snippet":"","_seopress_robots_primary_cat":"none","_seopress_robots_breadcrumbs":"","_seopress_robots_freeze_modified_date":"","_seopress_robots_custom_modified_date":"","_seopress_robots_canonical":"","_seopress_social_fb_title":"","_seopress_social_fb_desc":"","_seopress_social_fb_img":"","_seopress_social_fb_img_attachment_id":0,"_seopress_social_fb_img_width":0,"_seopress_social_fb_img_height":0,"_seopress_social_twitter_title":"","_seopress_social_twitter_desc":"","_seopress_social_twitter_img":"","_seopress_social_twitter_img_attachment_id":0,"_seopress_social_twitter_img_width":0,"_seopress_social_twitter_img_height":0,"_seopress_redirections_value":"","_seopress_redirections_enabled":"","_seopress_redirections_enabled_regex":"","_seopress_redirections_logged_status":"both","_seopress_redirections_param":"","_seopress_redirections_type":301,"_seopress_analysis_target_kw":"","_seopress_news_disabled":"","_seopress_video_disabled":"","_seopress_video":[],"_seopress_pro_schemas_manual":[],"_seopress_pro_rich_snippets_disable_all":"","_seopress_pro_rich_snippets_disable":[],"_seopress_pro_schemas":[],"_gspb_post_css":"","footnotes":""},"categories":[362],"tags":[],"libelle":[],"class_list":["post-7076","post","type-post","status-publish","format-standard","has-post-thumbnail","category-industries"],"blocksy_meta":{"styles_descriptor":{"styles":{"desktop":"","tablet":"","mobile":""},"google_fonts":[],"version":7}},"acf":[],"_links":{"self":[{"href":"https:\/\/www.lagriculteur.fr\/blog\/wp-json\/wp\/v2\/posts\/7076","targetHints":{"allow":["GET"]}}],"collection":[{"href":"https:\/\/www.lagriculteur.fr\/blog\/wp-json\/wp\/v2\/posts"}],"about":[{"href":"https:\/\/www.lagriculteur.fr\/blog\/wp-json\/wp\/v2\/types\/post"}],"author":[{"embeddable":true,"href":"https:\/\/www.lagriculteur.fr\/blog\/wp-json\/wp\/v2\/users\/6"}],"replies":[{"embeddable":true,"href":"https:\/\/www.lagriculteur.fr\/blog\/wp-json\/wp\/v2\/comments?post=7076"}],"version-history":[{"count":2,"href":"https:\/\/www.lagriculteur.fr\/blog\/wp-json\/wp\/v2\/posts\/7076\/revisions"}],"predecessor-version":[{"id":8085,"href":"https:\/\/www.lagriculteur.fr\/blog\/wp-json\/wp\/v2\/posts\/7076\/revisions\/8085"}],"wp:featuredmedia":[{"embeddable":true,"href":"https:\/\/www.lagriculteur.fr\/blog\/wp-json\/wp\/v2\/media\/7079"}],"wp:attachment":[{"href":"https:\/\/www.lagriculteur.fr\/blog\/wp-json\/wp\/v2\/media?parent=7076"}],"wp:term":[{"taxonomy":"category","embeddable":true,"href":"https:\/\/www.lagriculteur.fr\/blog\/wp-json\/wp\/v2\/categories?post=7076"},{"taxonomy":"post_tag","embeddable":true,"href":"https:\/\/www.lagriculteur.fr\/blog\/wp-json\/wp\/v2\/tags?post=7076"},{"taxonomy":"libelle","embeddable":true,"href":"https:\/\/www.lagriculteur.fr\/blog\/wp-json\/wp\/v2\/libelle?post=7076"}],"curies":[{"name":"wp","href":"https:\/\/api.w.org\/{rel}","templated":true}]}}