{"id":7260,"date":"2023-11-28T09:53:28","date_gmt":"2023-11-28T08:53:28","guid":{"rendered":"https:\/\/www.uwant.fr\/?p=7260"},"modified":"2024-05-23T14:40:51","modified_gmt":"2024-05-23T12:40:51","slug":"prolongation-du-glyphosate-en-europe-entre-controverses-et-necessites-agricoles","status":"publish","type":"post","link":"https:\/\/www.lagriculteur.fr\/blog\/prolongation-du-glyphosate-en-europe-entre-controverses-et-necessites-agricoles\/","title":{"rendered":"Prolongation du Glyphosate en Europe : entre controverses et n\u00e9cessit\u00e9s agricoles"},"content":{"rendered":"\n<p class=\"wp-block-paragraph\">L&rsquo;Europe est \u00e0 la crois\u00e9e des chemins avec la r\u00e9cente d\u00e9cision de prolonger l&rsquo;utilisation du glyphosate, un herbicide largement utilis\u00e9, mais controvers\u00e9. Invent\u00e9 par un chimiste suisse en 1950 et commercialis\u00e9 sous la marque Roundup par Monsanto, puis Bayer, le glyphosate est aujourd&rsquo;hui au c\u0153ur d&rsquo;un d\u00e9bat complexe impliquant la sant\u00e9 publique, l&rsquo;agriculture moderne et les politiques environnementales.<\/p>\n\n\n\n<h2 class=\"wp-block-heading\" id=\"la-decision-de-la-commission-europeenne\">La D\u00e9cision de la Commission Europ\u00e9enne<\/h2>\n\n\n\n<p class=\"wp-block-paragraph\">R\u00e9cemment, la Commission Europ\u00e9enne a renouvel\u00e9 l&rsquo;autorisation du glyphosate pour dix ans, une d\u00e9cision par d\u00e9faut faute de consensus parmi les \u00c9tats membres. Trois pays cl\u00e9s \u2013 l&rsquo;Allemagne, l&rsquo;Italie et la France \u2013 se sont abstenus, emp\u00eachant une majorit\u00e9 claire. Cette abstention, notamment de la part de la France, a \u00e9t\u00e9 interpr\u00e9t\u00e9e comme un soutien tacite \u00e0 l&rsquo;utilisation de cet herbicide.<\/p>\n\n\n\n<iframe loading=\"lazy\" width=\"560\" height=\"315\" src=\"https:\/\/www.youtube.com\/embed\/bj_qJsqob6Y?si=_9rpz05bl1tjOUXn\" title=\"YouTube video player\" frameborder=\"0\" allow=\"accelerometer; autoplay; clipboard-write; encrypted-media; gyroscope; picture-in-picture; web-share\" referrerpolicy=\"strict-origin-when-cross-origin\" allowfullscreen><\/iframe>\n\n\n\n<h2 class=\"wp-block-heading\" id=\"le-virage-de-la-france\">Le Virage de la France<\/h2>\n\n\n\n<p class=\"wp-block-paragraph\">La position fran\u00e7aise est particuli\u00e8rement notable. Emmanuel Macron, qui avait promis l&rsquo;interdiction du glyphosate pendant sa campagne de 2017, a d\u00fb mod\u00e9rer sa position face \u00e0 la pression des syndicats d&rsquo;<a href=\"https:\/\/www.lagriculteur.fr\/blog\/nouvelles-mesures-et-opportunites-du-pac-2023-pour-les-agriculteurs\/\">agriculteurs<\/a>. Ces derniers soutiennent que le glyphosate reste indispensable pour le d\u00e9sherbage efficace, en d\u00e9pit de la baisse notable de 27% des ventes en France.<\/p>\n\n\n\n<h2 class=\"wp-block-heading\" id=\"le-debat-entre-sante-et-agriculture\">Le d\u00e9bat entre sant\u00e9 et agriculture<\/h2>\n\n\n\n<p class=\"wp-block-paragraph\">Pour les \u00e9cologistes et une partie du monde scientifique, l&rsquo;usage du glyphosate reste un sujet de pr\u00e9occupation majeure. Class\u00e9 en 2015 parmi les produits canc\u00e9rog\u00e8nes \u00ab\u00a0probables\u00a0\u00bb par l&rsquo;OMS, il a \u00e9t\u00e9 li\u00e9 \u00e0 des cas de lymphome non hodgkinien. Toutefois, l&rsquo;Autorit\u00e9 Europ\u00e9enne de S\u00e9curit\u00e9 des Aliments (EFSA) a \u00e9mis un avis contraire, ne reconnaissant pas de pr\u00e9occupations critiques pour les humains ou l&rsquo;environnement.<\/p>\n\n\n\n<p class=\"wp-block-paragraph\">Tout savoir sur &gt;&gt; <a href=\"https:\/\/www.lagriculteur.fr\/blog\/nouvelles-initiatives-du-gouvernement-pour-soutenir-les-agriculteurs-francais\/\">Nouvelles initiatives du Gouvernement pour soutenir les Agriculteurs Fran\u00e7ais<\/a><\/p>\n\n\n\n<h2 class=\"wp-block-heading\" id=\"les-perspectives-europeennes\">Les perspectives europ\u00e9ennes<\/h2>\n\n\n\n<p class=\"wp-block-paragraph\">Au sein de l&rsquo;UE, la division est palpable. Certains \u00c9tats membres, notamment en Europe du Sud et de l&rsquo;Est, soutiennent la r\u00e9-autorisation, tandis que d&rsquo;autres, comme l&rsquo;Autriche et le Luxembourg, sont oppos\u00e9s. La position de la France, en tant que premi\u00e8re puissance agricole de l&rsquo;UE, reste donc cruciale.<\/p>\n\n\n\n<h2 class=\"wp-block-heading\" id=\"l-enjeu-des-alternatives\">L&rsquo;enjeu des alternatives<\/h2>\n\n\n\n<p class=\"wp-block-paragraph\">La Conf\u00e9d\u00e9ration Paysanne en France et d&rsquo;autres voix \u00e9cologistes r\u00e9clament la recherche et le d\u00e9veloppement d&rsquo;alternatives au glyphosate. Cependant, comme le souligne la FNSEA, trouver une solution aussi efficace et \u00e9conomique que le glyphosate demeure un d\u00e9fi de taille.<\/p>\n\n\n\n<p class=\"wp-block-paragraph\">La prolongation du glyphosate en Europe illustre la tension entre les imp\u00e9ratifs de sant\u00e9 publique et les r\u00e9alit\u00e9s de l&rsquo;agriculture moderne. Tandis que les d\u00e9bats scientifiques et l\u00e9gaux se poursuivent, la question essentielle demeure : comment \u00e9quilibrer la n\u00e9cessit\u00e9 d&rsquo;une agriculture efficace avec la protection de la sant\u00e9 et de l&rsquo;environnement\u202f? La r\u00e9ponse \u00e0 cette question d\u00e9finira l&rsquo;avenir de l&rsquo;agriculture et de la politique environnementale en Europe.<\/p>\n\n\n\n<p class=\"wp-block-paragraph\">Retrouvez toutes les nouvelles des actualit\u00e9s agricoles dans notre s\u00e9rie <em>Actualit\u00e9s<\/em> du blog <a href=\"https:\/\/www.lagriculteur.fr\/\">l\u2019agriculteur.fr<\/a><\/p>\n","protected":false},"excerpt":{"rendered":"<p>L&rsquo;Europe est \u00e0 la crois\u00e9e des chemins avec la r\u00e9cente d\u00e9cision de prolonger l&rsquo;utilisation du glyphosate, un herbicide largement utilis\u00e9, mais controvers\u00e9. Invent\u00e9 par un chimiste suisse en 1950 et commercialis\u00e9 sous la marque Roundup par Monsanto, puis Bayer, le glyphosate est aujourd&rsquo;hui au c\u0153ur d&rsquo;un d\u00e9bat complexe impliquant la sant\u00e9 publique, l&rsquo;agriculture moderne et [&hellip;]<\/p>\n","protected":false},"author":6,"featured_media":7263,"comment_status":"open","ping_status":"open","sticky":false,"template":"","format":"standard","meta":{"_acf_changed":false,"_seopress_titles_title":"","_seopress_titles_desc":"","_seopress_robots_index":"","_seopress_robots_follow":"","_seopress_robots_imageindex":"","_seopress_robots_snippet":"","_seopress_robots_primary_cat":"none","_seopress_robots_breadcrumbs":"","_seopress_robots_freeze_modified_date":"","_seopress_robots_custom_modified_date":"","_seopress_robots_canonical":"","_seopress_social_fb_title":"","_seopress_social_fb_desc":"","_seopress_social_fb_img":"","_seopress_social_fb_img_attachment_id":0,"_seopress_social_fb_img_width":0,"_seopress_social_fb_img_height":0,"_seopress_social_twitter_title":"","_seopress_social_twitter_desc":"","_seopress_social_twitter_img":"","_seopress_social_twitter_img_attachment_id":0,"_seopress_social_twitter_img_width":0,"_seopress_social_twitter_img_height":0,"_seopress_redirections_value":"","_seopress_redirections_enabled":"","_seopress_redirections_enabled_regex":"","_seopress_redirections_logged_status":"both","_seopress_redirections_param":"","_seopress_redirections_type":301,"_seopress_analysis_target_kw":"","_seopress_news_disabled":"","_seopress_video_disabled":"","_seopress_video":[],"_seopress_pro_schemas_manual":[],"_seopress_pro_rich_snippets_disable_all":"","_seopress_pro_rich_snippets_disable":[],"_seopress_pro_schemas":[],"_gspb_post_css":"","footnotes":""},"categories":[359],"tags":[],"libelle":[],"class_list":["post-7260","post","type-post","status-publish","format-standard","has-post-thumbnail","category-actualites"],"blocksy_meta":{"styles_descriptor":{"styles":{"desktop":"","tablet":"","mobile":""},"google_fonts":[],"version":7}},"acf":[],"_links":{"self":[{"href":"https:\/\/www.lagriculteur.fr\/blog\/wp-json\/wp\/v2\/posts\/7260","targetHints":{"allow":["GET"]}}],"collection":[{"href":"https:\/\/www.lagriculteur.fr\/blog\/wp-json\/wp\/v2\/posts"}],"about":[{"href":"https:\/\/www.lagriculteur.fr\/blog\/wp-json\/wp\/v2\/types\/post"}],"author":[{"embeddable":true,"href":"https:\/\/www.lagriculteur.fr\/blog\/wp-json\/wp\/v2\/users\/6"}],"replies":[{"embeddable":true,"href":"https:\/\/www.lagriculteur.fr\/blog\/wp-json\/wp\/v2\/comments?post=7260"}],"version-history":[{"count":2,"href":"https:\/\/www.lagriculteur.fr\/blog\/wp-json\/wp\/v2\/posts\/7260\/revisions"}],"predecessor-version":[{"id":8374,"href":"https:\/\/www.lagriculteur.fr\/blog\/wp-json\/wp\/v2\/posts\/7260\/revisions\/8374"}],"wp:featuredmedia":[{"embeddable":true,"href":"https:\/\/www.lagriculteur.fr\/blog\/wp-json\/wp\/v2\/media\/7263"}],"wp:attachment":[{"href":"https:\/\/www.lagriculteur.fr\/blog\/wp-json\/wp\/v2\/media?parent=7260"}],"wp:term":[{"taxonomy":"category","embeddable":true,"href":"https:\/\/www.lagriculteur.fr\/blog\/wp-json\/wp\/v2\/categories?post=7260"},{"taxonomy":"post_tag","embeddable":true,"href":"https:\/\/www.lagriculteur.fr\/blog\/wp-json\/wp\/v2\/tags?post=7260"},{"taxonomy":"libelle","embeddable":true,"href":"https:\/\/www.lagriculteur.fr\/blog\/wp-json\/wp\/v2\/libelle?post=7260"}],"curies":[{"name":"wp","href":"https:\/\/api.w.org\/{rel}","templated":true}]}}