{"id":7516,"date":"2023-12-20T13:08:39","date_gmt":"2023-12-20T12:08:39","guid":{"rendered":"https:\/\/www.uwant.fr\/?p=7516"},"modified":"2024-05-23T11:51:28","modified_gmt":"2024-05-23T09:51:28","slug":"le-pacte-dorientation-et-davenir-agricoles-une-vision-novatrice-pour-lagriculture-francaise","status":"publish","type":"post","link":"https:\/\/www.lagriculteur.fr\/blog\/le-pacte-dorientation-et-davenir-agricoles-une-vision-novatrice-pour-lagriculture-francaise\/","title":{"rendered":"Le Pacte d&rsquo;Orientation et d&rsquo;Avenir Agricoles : Une vision novatrice pour l&rsquo;Agriculture Fran\u00e7aise"},"content":{"rendered":"\n<p class=\"wp-block-paragraph\">Le monde agricole fran\u00e7ais est \u00e0 l&rsquo;aube d&rsquo;une nouvelle \u00e8re avec la pr\u00e9sentation du Pacte d&rsquo;Orientation et d&rsquo;Avenir Agricoles par Marc Fesneau, le ministre de l&rsquo;Agriculture. Ce plan ambitieux, d\u00e9voil\u00e9 en d\u00e9cembre 2023, vise \u00e0 remodeler l&rsquo;agriculture fran\u00e7aise en harmonisant la formation, l&rsquo;installation des agriculteurs et la transition agro\u00e9cologique. <\/p>\n\n\n\n<h2 class=\"wp-block-heading\" id=\"un-pacte-nourri-d-attentes-et-d-engagements\">Un pacte nourri d&rsquo;attentes et d&rsquo;engagements<\/h2>\n\n\n\n<ul class=\"wp-block-list\">\n<li>&nbsp;Un choc d&rsquo;attractivit\u00e9 pour l&rsquo;Agriculture<\/li>\n<\/ul>\n\n\n\n<p class=\"wp-block-paragraph\">Le pacte s&rsquo;ouvre sur un objectif clair : raviver l&rsquo;attrait pour les m\u00e9tiers agricoles. Cela passera par une vaste campagne de communication, des initiatives dans les \u00e9coles pour sensibiliser d\u00e8s le plus jeune \u00e2ge, et la mise en place de stages pour les adolescents. L&rsquo;id\u00e9e est de cr\u00e9er un lien renforc\u00e9 entre la soci\u00e9t\u00e9 et le monde agricole, un \u00e9l\u00e9ment crucial pour <a href=\"https:\/\/www.lagriculteur.fr\/blog\/compostage-la-maniere-naturelle-de-fertiliser-pour-lavenir-de-lagriculture\/\">l&rsquo;avenir de l&rsquo;agriculture.<\/a><\/p>\n\n\n\n<ul class=\"wp-block-list\">\n<li>Cap sur la transition agro\u00e9cologique<\/li>\n<\/ul>\n\n\n\n<p class=\"wp-block-paragraph\">La formation est un pilier central du pacte. L&rsquo;accent est mis sur l&rsquo;enseignement agricole, avec une augmentation significative du budget et l&rsquo;int\u00e9gration des comp\u00e9tences li\u00e9es \u00e0 l&rsquo;agro\u00e9cologie dans les programmes. L&rsquo;approche est de former une nouvelle g\u00e9n\u00e9ration d&rsquo;agriculteurs pr\u00e9par\u00e9s aux d\u00e9fis environnementaux actuels et futurs.<\/p>\n\n\n\n<ul class=\"wp-block-list\">\n<li>Accompagnement renforc\u00e9 des porteurs de projet<\/li>\n<\/ul>\n\n\n\n<p class=\"wp-block-paragraph\">Le pacte pr\u00e9voit la cr\u00e9ation du r\u00e9seau France Services Agriculture pour 2025. Ce guichet unique vise \u00e0 simplifier le processus d&rsquo;installation en agriculture, offrant un accompagnement personnalis\u00e9 et facilitant la transmission des exploitations agricoles.<\/p>\n\n\n\n<ul class=\"wp-block-list\">\n<li>S\u00e9curisation des projets d&rsquo;\u00e9levage et de stockage de l&rsquo;eau<\/li>\n<\/ul>\n\n\n\n<p class=\"wp-block-paragraph\">La s\u00e9curisation juridique et l&rsquo;acc\u00e9l\u00e9ration des projets de stockage d&rsquo;eau et de modernisation des b\u00e2timents d&rsquo;\u00e9levage font \u00e9galement partie du pacte. Ces mesures soulignent l&rsquo;importance de l&rsquo;adaptation au changement climatique et de la gestion durable des ressources naturelles.<\/p>\n\n\n\n<figure class=\"wp-block-image size-full\"><img loading=\"lazy\" decoding=\"async\" width=\"673\" height=\"350\" src=\"https:\/\/www.lagriculteur.fr\/blog\/wp-content\/uploads\/2024\/05\/gouv.png\" alt=\"gouv\" class=\"wp-image-8320\" srcset=\"https:\/\/www.lagriculteur.fr\/blog\/wp-content\/uploads\/2024\/05\/gouv.png 673w, https:\/\/www.lagriculteur.fr\/blog\/wp-content\/uploads\/2024\/05\/gouv-300x156.png 300w\" sizes=\"auto, (max-width: 673px) 100vw, 673px\" \/><\/figure>\n\n\n\n<h2 class=\"wp-block-heading\" id=\"reactions-mitigees-et-perspectives-diverses\">R\u00e9actions mitig\u00e9es et perspectives diverses<\/h2>\n\n\n\n<p class=\"wp-block-paragraph\">Le pacte, bien que prometteur, a suscit\u00e9 des r\u00e9actions contrast\u00e9es parmi les syndicats agricoles et les ONG. La FNSEA attend de voir la concr\u00e9tisation des annonces, tandis que la Conf\u00e9d\u00e9ration paysanne exprime sa d\u00e9ception, soulignant l&rsquo;absence d&rsquo;un volet foncier important. D&rsquo;autres organisations, comme le Modef et la Coordination rurale, expriment des pr\u00e9occupations concernant l&rsquo;impact des mesures sur l&rsquo;installation des jeunes agriculteurs et la financiarisation de l&rsquo;agriculture.<\/p>\n\n\n\n<p class=\"wp-block-paragraph\">Lire aussi &gt;&gt; <a href=\"https:\/\/www.lagriculteur.fr\/blog\/nouvelles-mesures-et-opportunites-du-pac-2023-pour-les-agriculteurs\/\">Nouvelles mesures et opportunit\u00e9s du PAC 2023 pour les agriculteurs<\/a><\/p>\n\n\n\n<p class=\"wp-block-paragraph\">Le Pacte d&rsquo;Orientation et d&rsquo;Avenir Agricoles repr\u00e9sente une \u00e9tape importante dans la transformation de l&rsquo;agriculture fran\u00e7aise. Il offre une vision globale pour attirer une nouvelle g\u00e9n\u00e9ration d&rsquo;agriculteurs, tout en mettant l&rsquo;accent sur les enjeux environnementaux. Cependant, sa r\u00e9ussite d\u00e9pendra de l&rsquo;efficacit\u00e9 de sa mise en \u0153uvre et de sa capacit\u00e9 \u00e0 r\u00e9pondre aux pr\u00e9occupations des divers acteurs du secteur. En d\u00e9finitive, ce pacte pose les bases d&rsquo;une agriculture plus durable et r\u00e9siliente, essentielle pour l&rsquo;avenir de la France.<\/p>\n\n\n\n<p class=\"wp-block-paragraph\"><a href=\"https:\/\/www.lagriculteur.fr\/\">D\u00e9couvrez notre assortiment de pi\u00e8ces pour machines agricoles sur lagriculteur.fr<\/a><\/p>\n","protected":false},"excerpt":{"rendered":"<p>Le monde agricole fran\u00e7ais est \u00e0 l&rsquo;aube d&rsquo;une nouvelle \u00e8re avec la pr\u00e9sentation du Pacte d&rsquo;Orientation et d&rsquo;Avenir Agricoles par Marc Fesneau, le ministre de l&rsquo;Agriculture. Ce plan ambitieux, d\u00e9voil\u00e9 en d\u00e9cembre 2023, vise \u00e0 remodeler l&rsquo;agriculture fran\u00e7aise en harmonisant la formation, l&rsquo;installation des agriculteurs et la transition agro\u00e9cologique. Un pacte nourri d&rsquo;attentes et d&rsquo;engagements [&hellip;]<\/p>\n","protected":false},"author":6,"featured_media":7519,"comment_status":"open","ping_status":"open","sticky":false,"template":"","format":"standard","meta":{"_acf_changed":false,"_seopress_titles_title":"","_seopress_titles_desc":"","_seopress_robots_index":"","_seopress_robots_follow":"","_seopress_robots_imageindex":"","_seopress_robots_snippet":"","_seopress_robots_primary_cat":"none","_seopress_robots_breadcrumbs":"","_seopress_robots_freeze_modified_date":"","_seopress_robots_custom_modified_date":"","_seopress_robots_canonical":"","_seopress_social_fb_title":"","_seopress_social_fb_desc":"","_seopress_social_fb_img":"","_seopress_social_fb_img_attachment_id":0,"_seopress_social_fb_img_width":0,"_seopress_social_fb_img_height":0,"_seopress_social_twitter_title":"","_seopress_social_twitter_desc":"","_seopress_social_twitter_img":"","_seopress_social_twitter_img_attachment_id":0,"_seopress_social_twitter_img_width":0,"_seopress_social_twitter_img_height":0,"_seopress_redirections_value":"","_seopress_redirections_enabled":"","_seopress_redirections_enabled_regex":"","_seopress_redirections_logged_status":"both","_seopress_redirections_param":"","_seopress_redirections_type":301,"_seopress_analysis_target_kw":"","_seopress_news_disabled":"","_seopress_video_disabled":"","_seopress_video":[],"_seopress_pro_schemas_manual":[],"_seopress_pro_rich_snippets_disable_all":"","_seopress_pro_rich_snippets_disable":[],"_seopress_pro_schemas":[],"_gspb_post_css":"","footnotes":""},"categories":[359],"tags":[],"libelle":[],"class_list":["post-7516","post","type-post","status-publish","format-standard","has-post-thumbnail","category-actualites"],"blocksy_meta":{"styles_descriptor":{"styles":{"desktop":"","tablet":"","mobile":""},"google_fonts":[],"version":7}},"acf":[],"_links":{"self":[{"href":"https:\/\/www.lagriculteur.fr\/blog\/wp-json\/wp\/v2\/posts\/7516","targetHints":{"allow":["GET"]}}],"collection":[{"href":"https:\/\/www.lagriculteur.fr\/blog\/wp-json\/wp\/v2\/posts"}],"about":[{"href":"https:\/\/www.lagriculteur.fr\/blog\/wp-json\/wp\/v2\/types\/post"}],"author":[{"embeddable":true,"href":"https:\/\/www.lagriculteur.fr\/blog\/wp-json\/wp\/v2\/users\/6"}],"replies":[{"embeddable":true,"href":"https:\/\/www.lagriculteur.fr\/blog\/wp-json\/wp\/v2\/comments?post=7516"}],"version-history":[{"count":2,"href":"https:\/\/www.lagriculteur.fr\/blog\/wp-json\/wp\/v2\/posts\/7516\/revisions"}],"predecessor-version":[{"id":8322,"href":"https:\/\/www.lagriculteur.fr\/blog\/wp-json\/wp\/v2\/posts\/7516\/revisions\/8322"}],"wp:featuredmedia":[{"embeddable":true,"href":"https:\/\/www.lagriculteur.fr\/blog\/wp-json\/wp\/v2\/media\/7519"}],"wp:attachment":[{"href":"https:\/\/www.lagriculteur.fr\/blog\/wp-json\/wp\/v2\/media?parent=7516"}],"wp:term":[{"taxonomy":"category","embeddable":true,"href":"https:\/\/www.lagriculteur.fr\/blog\/wp-json\/wp\/v2\/categories?post=7516"},{"taxonomy":"post_tag","embeddable":true,"href":"https:\/\/www.lagriculteur.fr\/blog\/wp-json\/wp\/v2\/tags?post=7516"},{"taxonomy":"libelle","embeddable":true,"href":"https:\/\/www.lagriculteur.fr\/blog\/wp-json\/wp\/v2\/libelle?post=7516"}],"curies":[{"name":"wp","href":"https:\/\/api.w.org\/{rel}","templated":true}]}}