{"id":7654,"date":"2024-02-07T08:33:42","date_gmt":"2024-02-07T07:33:42","guid":{"rendered":"https:\/\/www.lagriculteur.fr\/blog\/?p=7654"},"modified":"2024-05-23T10:23:25","modified_gmt":"2024-05-23T08:23:25","slug":"kubota-revolutionne-lagriculture-avec-son-tracteur-autonome-electrique-au-ces-2024","status":"publish","type":"post","link":"https:\/\/www.lagriculteur.fr\/blog\/kubota-revolutionne-lagriculture-avec-son-tracteur-autonome-electrique-au-ces-2024\/","title":{"rendered":"Kubota r\u00e9volutionne l&rsquo;agriculture avec son tracteur autonome \u00e9lectrique au CES 2024"},"content":{"rendered":"\n<p class=\"wp-block-paragraph\">Au c\u0153ur du Consumer Electronics Show (CES) 2024 de Las Vegas, Kubota a brill\u00e9 par l&rsquo;innovation, d\u00e9voilant son dernier-n\u00e9: le New Agri Concept, un <a href=\"https:\/\/www.lagriculteur.fr\/blog\/le-semoir-100-electrique-de-monosem\/\">tracteur \u00e9lectrique<\/a> r\u00e9volutionnaire. Ce joyau de technologie marque un tournant majeur dans l&rsquo;agriculture automatis\u00e9e, affirmant la vision futuriste de Kubota.<\/p>\n\n\n\n<p class=\"wp-block-paragraph\">Le New Agri Concept, enti\u00e8rement \u00e9lectrique, se distingue par son autonomie compl\u00e8te. Gr\u00e2ce \u00e0 une intelligence artificielle avanc\u00e9e, appuy\u00e9e par des cam\u00e9ras et des capteurs de pointe, ce tracteur n&rsquo;a pas besoin de l&rsquo;\u0153il humain pour veiller sur lui. Il laboure, transporte, et accomplit une multitude de t\u00e2ches agricoles en toute ind\u00e9pendance, faisant de lui le compagnon id\u00e9al de l&rsquo;agriculteur moderne.<\/p>\n\n\n\n<p class=\"wp-block-paragraph\">L&rsquo;une des caract\u00e9ristiques les plus impressionnantes du New Agri Concept est sa capacit\u00e9 \u00e0 se recharger rapidement : de 10 % \u00e0 80 % en seulement six minutes. Cette performance exceptionnelle minimise les temps d&rsquo;arr\u00eat et maximise la productivit\u00e9 sur le terrain.<\/p>\n\n\n\n<figure class=\"wp-block-image size-large is-resized\"><img loading=\"lazy\" decoding=\"async\" width=\"1024\" height=\"600\" src=\"https:\/\/www.lagriculteur.fr\/blog\/wp-content\/uploads\/2024\/05\/ces-1024x600.png\" alt=\"ces\" class=\"wp-image-8304\" style=\"width:606px;height:auto\" srcset=\"https:\/\/www.lagriculteur.fr\/blog\/wp-content\/uploads\/2024\/05\/ces-1024x600.png 1024w, https:\/\/www.lagriculteur.fr\/blog\/wp-content\/uploads\/2024\/05\/ces-300x176.png 300w, https:\/\/www.lagriculteur.fr\/blog\/wp-content\/uploads\/2024\/05\/ces-768x450.png 768w, https:\/\/www.lagriculteur.fr\/blog\/wp-content\/uploads\/2024\/05\/ces.png 1406w\" sizes=\"auto, (max-width: 1024px) 100vw, 1024px\" \/><\/figure>\n\n\n\n<p class=\"wp-block-paragraph\">\u00c9quip\u00e9 de six moteurs \u00e9lectriques ind\u00e9pendants et d&rsquo;un attelage trois points standard, ce tracteur est un cam\u00e9l\u00e9on de l&rsquo;agriculture. Il s&rsquo;adapte \u00e0 divers outils et r\u00e9pond \u00e0 <a href=\"https:\/\/www.lagriculteur.fr\" target=\"_blank\" rel=\"noopener\">un large \u00e9ventail<\/a> de besoins agricoles, de la tonte \u00e0 la pr\u00e9paration du sol.<\/p>\n\n\n\n<p class=\"wp-block-paragraph\">Brett McMickell, technologue senior chez Kubota Am\u00e9rique du Nord, partage son enthousiasme : \u00ab\u00a0Le New Agri Concept incarne notre philosophie de design et enrichit l&rsquo;h\u00e9ritage technologique de Kubota, au service du bien-\u00eatre collectif.\u00a0\u00bb Ce concept, illustr\u00e9 dans une vid\u00e9o immersive, ouvre une fen\u00eatre sur l&rsquo;avenir de l&rsquo;agriculture, o\u00f9 le num\u00e9rique et le physique fusionnent pour offrir des solutions int\u00e9grales aux agriculteurs. L&rsquo;intelligence artificielle, la connectivit\u00e9 et l&rsquo;autonomie sont les piliers de cette vision, qui ambitionne d&rsquo;optimiser la cha\u00eene de valeur alimentaire, du producteur au consommateur.<\/p>\n\n\n\n<p class=\"wp-block-paragraph\">Lire aussi &gt;&gt; <a href=\"https:\/\/www.lagriculteur.fr\/blog\/seederal-revolutionner-lagriculture-avec-le-premier-tracteur-electrique-francais\/\">Seederal: r\u00e9volutionner l\u2019agriculture avec le premier tracteur \u00e9lectrique Fran\u00e7ais<\/a><\/p>\n\n\n\n<p class=\"wp-block-paragraph\">Le New Agri Concept de Kubota n&rsquo;est pas seulement un tracteur ; c&rsquo;est une promesse d&rsquo;avenir, une vision de l&rsquo;agriculture durable et efficace, qui respecte la terre tout en r\u00e9pondant aux d\u00e9fis contemporains. Avec Kubota, l&rsquo;avenir de l&rsquo;agriculture se dessine aujourd&rsquo;hui.<\/p>\n\n\n\n<p class=\"wp-block-paragraph\">Retrouvez toutes les nouvelles des innovations technologiques agricoles dans notre s\u00e9rie <em>Technologies et innovations<\/em> du blog l\u2019agriculteur.fr<\/p>\n","protected":false},"excerpt":{"rendered":"<p>Au c\u0153ur du Consumer Electronics Show (CES) 2024 de Las Vegas, Kubota a brill\u00e9 par l&rsquo;innovation, d\u00e9voilant son dernier-n\u00e9: le New Agri Concept, un tracteur \u00e9lectrique r\u00e9volutionnaire. Ce joyau de technologie marque un tournant majeur dans l&rsquo;agriculture automatis\u00e9e, affirmant la vision futuriste de Kubota. Le New Agri Concept, enti\u00e8rement \u00e9lectrique, se distingue par son autonomie [&hellip;]<\/p>\n","protected":false},"author":6,"featured_media":7657,"comment_status":"open","ping_status":"open","sticky":false,"template":"","format":"standard","meta":{"_acf_changed":false,"_seopress_titles_title":"","_seopress_titles_desc":"","_seopress_robots_index":"","_seopress_robots_follow":"","_seopress_robots_imageindex":"","_seopress_robots_snippet":"","_seopress_robots_primary_cat":"none","_seopress_robots_breadcrumbs":"","_seopress_robots_freeze_modified_date":"","_seopress_robots_custom_modified_date":"","_seopress_robots_canonical":"","_seopress_social_fb_title":"","_seopress_social_fb_desc":"","_seopress_social_fb_img":"","_seopress_social_fb_img_attachment_id":0,"_seopress_social_fb_img_width":0,"_seopress_social_fb_img_height":0,"_seopress_social_twitter_title":"","_seopress_social_twitter_desc":"","_seopress_social_twitter_img":"","_seopress_social_twitter_img_attachment_id":0,"_seopress_social_twitter_img_width":0,"_seopress_social_twitter_img_height":0,"_seopress_redirections_value":"","_seopress_redirections_enabled":"","_seopress_redirections_enabled_regex":"","_seopress_redirections_logged_status":"both","_seopress_redirections_param":"","_seopress_redirections_type":301,"_seopress_analysis_target_kw":"","_seopress_news_disabled":"","_seopress_video_disabled":"","_seopress_video":[],"_seopress_pro_schemas_manual":[],"_seopress_pro_rich_snippets_disable_all":"","_seopress_pro_rich_snippets_disable":[],"_seopress_pro_schemas":[],"_gspb_post_css":"","footnotes":""},"categories":[358],"tags":[],"libelle":[],"class_list":["post-7654","post","type-post","status-publish","format-standard","has-post-thumbnail","category-technologies-et-innovations"],"blocksy_meta":{"styles_descriptor":{"styles":{"desktop":"","tablet":"","mobile":""},"google_fonts":[],"version":7}},"acf":[],"_links":{"self":[{"href":"https:\/\/www.lagriculteur.fr\/blog\/wp-json\/wp\/v2\/posts\/7654","targetHints":{"allow":["GET"]}}],"collection":[{"href":"https:\/\/www.lagriculteur.fr\/blog\/wp-json\/wp\/v2\/posts"}],"about":[{"href":"https:\/\/www.lagriculteur.fr\/blog\/wp-json\/wp\/v2\/types\/post"}],"author":[{"embeddable":true,"href":"https:\/\/www.lagriculteur.fr\/blog\/wp-json\/wp\/v2\/users\/6"}],"replies":[{"embeddable":true,"href":"https:\/\/www.lagriculteur.fr\/blog\/wp-json\/wp\/v2\/comments?post=7654"}],"version-history":[{"count":4,"href":"https:\/\/www.lagriculteur.fr\/blog\/wp-json\/wp\/v2\/posts\/7654\/revisions"}],"predecessor-version":[{"id":8306,"href":"https:\/\/www.lagriculteur.fr\/blog\/wp-json\/wp\/v2\/posts\/7654\/revisions\/8306"}],"wp:featuredmedia":[{"embeddable":true,"href":"https:\/\/www.lagriculteur.fr\/blog\/wp-json\/wp\/v2\/media\/7657"}],"wp:attachment":[{"href":"https:\/\/www.lagriculteur.fr\/blog\/wp-json\/wp\/v2\/media?parent=7654"}],"wp:term":[{"taxonomy":"category","embeddable":true,"href":"https:\/\/www.lagriculteur.fr\/blog\/wp-json\/wp\/v2\/categories?post=7654"},{"taxonomy":"post_tag","embeddable":true,"href":"https:\/\/www.lagriculteur.fr\/blog\/wp-json\/wp\/v2\/tags?post=7654"},{"taxonomy":"libelle","embeddable":true,"href":"https:\/\/www.lagriculteur.fr\/blog\/wp-json\/wp\/v2\/libelle?post=7654"}],"curies":[{"name":"wp","href":"https:\/\/api.w.org\/{rel}","templated":true}]}}