{"id":7671,"date":"2024-02-02T08:38:53","date_gmt":"2024-02-02T07:38:53","guid":{"rendered":"https:\/\/www.lagriculteur.fr\/blog\/?p=7671"},"modified":"2024-05-23T10:08:30","modified_gmt":"2024-05-23T08:08:30","slug":"sima-2024-annule-un-tournant-decisif-pour-lavenir-de-lagroequipement","status":"publish","type":"post","link":"https:\/\/www.lagriculteur.fr\/blog\/sima-2024-annule-un-tournant-decisif-pour-lavenir-de-lagroequipement\/","title":{"rendered":"SIMA 2024 annul\u00e9 : Un tournant d\u00e9cisif pour l&rsquo;avenir de l&rsquo;agro\u00e9quipement"},"content":{"rendered":"\n<p class=\"wp-block-paragraph\">Dans un retournement de situation inattendu qui a secou\u00e9 le monde de l&rsquo;agriculture, le Salon International du Machinisme Agricole \u201cSIMA&nbsp;\u201d 2024 a \u00e9t\u00e9 annul\u00e9. Cet \u00e9v\u00e9nement, pr\u00e9vu pour se tenir \u00e0 Paris Nord Villepinte du 24 au 27 novembre, devait r\u00e9unir un millier d&rsquo;exposants pour une \u00e9dition annonc\u00e9e comme innovante et tourn\u00e9e vers l&rsquo;avenir. Toutefois, face \u00e0 un conglom\u00e9rat de d\u00e9fis, les organisateurs ont pris la d\u00e9cision difficile de reporter le salon \u00e0 2026, sans fixer de date pr\u00e9cise pour le moment.<\/p>\n\n\n\n<p class=\"wp-block-paragraph\">Cette annulation est le r\u00e9sultat d&rsquo;une combinaison complexe de facteurs. Les agriculteurs, au c\u0153ur de cette d\u00e9cision, ont exprim\u00e9 leur frustration croissante face \u00e0 des politiques agricoles jug\u00e9es incoh\u00e9rentes et des <a href=\"https:\/\/www.lagriculteur.fr\/blog\/nouvelles-initiatives-du-gouvernement-pour-soutenir-les-agriculteurs-francais\/\">r\u00e9glementations environnementales ardues<\/a>, mena\u00e7ant la viabilit\u00e9 \u00e9conomique de leurs exploitations. Le m\u00e9contentement s&rsquo;est amplifi\u00e9 avec le d\u00e9sengagement de plusieurs acteurs majeurs du machinisme agricole, poussant Exposima, la soci\u00e9t\u00e9 organisatrice, \u00e0 annuler l&rsquo;\u00e9dition 2024.<\/p>\n\n\n\n<figure class=\"wp-block-image size-large\"><img loading=\"lazy\" decoding=\"async\" width=\"1024\" height=\"333\" src=\"https:\/\/www.lagriculteur.fr\/blog\/wp-content\/uploads\/2024\/05\/sima-2024-1024x333.png\" alt=\"sima 2024\" class=\"wp-image-8295\" srcset=\"https:\/\/www.lagriculteur.fr\/blog\/wp-content\/uploads\/2024\/05\/sima-2024-1024x333.png 1024w, https:\/\/www.lagriculteur.fr\/blog\/wp-content\/uploads\/2024\/05\/sima-2024-300x98.png 300w, https:\/\/www.lagriculteur.fr\/blog\/wp-content\/uploads\/2024\/05\/sima-2024-768x250.png 768w, https:\/\/www.lagriculteur.fr\/blog\/wp-content\/uploads\/2024\/05\/sima-2024.png 1107w\" sizes=\"auto, (max-width: 1024px) 100vw, 1024px\" \/><\/figure>\n\n\n\n<p class=\"wp-block-paragraph\">Ce coup dur pour le <a href=\"https:\/\/www.lagriculteur.fr\/blog\/retour-sur-le-sima-2022\/\">SIMA <\/a>survient dans un contexte auquel le salon cherchait \u00e0 se r\u00e9inventer, suite \u00e0 une \u00e9dition 2022 qui avait d\u00e9j\u00e0 vu une baisse de fr\u00e9quentation de 33%. Le SIMA, traditionnellement un pilier pour le secteur de l&rsquo;agro\u00e9quipement en France se trouve d\u00e9sormais \u00e0 un carrefour, confront\u00e9 \u00e0 la mont\u00e9e en puissance de concurrents internationaux comme l&rsquo;Eima et Agritechnica.<\/p>\n\n\n\n<p class=\"wp-block-paragraph\">Les organisateurs et le syndicat Axema, co-organisateur du salon, envisagent d\u00e9sormais l&rsquo;\u00e9dition 2026 comme une opportunit\u00e9 de red\u00e9finition. Ils ambitionnent de faire de ce futur \u00e9v\u00e9nement une plateforme refl\u00e9tant les innovations et les avanc\u00e9es techniques qui caract\u00e9risent l&rsquo;agriculture fran\u00e7aise et europ\u00e9enne, renfor\u00e7ant ainsi son r\u00f4le de porte-voix aupr\u00e8s des pouvoirs publics.<\/p>\n\n\n\n<p class=\"wp-block-paragraph\">Lire aussi &gt;&gt; <a href=\"https:\/\/www.lagriculteur.fr\/blog\/evenement\/sima-2022\/\">Sima 2022<\/a><\/p>\n\n\n\n<p class=\"wp-block-paragraph\">L&rsquo;annulation du SIMA 2024 soul\u00e8ve des questions essentielles sur l&rsquo;avenir des salons sp\u00e9cialis\u00e9s et leur capacit\u00e9 \u00e0 s&rsquo;adapter aux d\u00e9fis contemporains. Cet \u00e9pisode r\u00e9v\u00e8le la n\u00e9cessit\u00e9 pour les organisateurs d&rsquo;\u00e9v\u00e9nements de repenser leurs formats et offres pour rester pertinents dans un secteur en constante \u00e9volution. Le SIMA 2026 est attendu avec impatience, porteur d&rsquo;espoirs et d&rsquo;attentes, pour un secteur agricole en qu\u00eate de renouveau et d&rsquo;innovation.<\/p>\n\n\n\n<p class=\"wp-block-paragraph\"><a href=\"https:\/\/www.lagriculteur.fr\/\">D\u00e9couvrez l&rsquo;ensemble de nos pi\u00e8ces agricoles adaptables sur notre boutique lagriculteur.fr<\/a><\/p>\n","protected":false},"excerpt":{"rendered":"<p>Dans un retournement de situation inattendu qui a secou\u00e9 le monde de l&rsquo;agriculture, le Salon International du Machinisme Agricole \u201cSIMA&nbsp;\u201d 2024 a \u00e9t\u00e9 annul\u00e9. Cet \u00e9v\u00e9nement, pr\u00e9vu pour se tenir \u00e0 Paris Nord Villepinte du 24 au 27 novembre, devait r\u00e9unir un millier d&rsquo;exposants pour une \u00e9dition annonc\u00e9e comme innovante et tourn\u00e9e vers l&rsquo;avenir. Toutefois, [&hellip;]<\/p>\n","protected":false},"author":6,"featured_media":7674,"comment_status":"open","ping_status":"open","sticky":false,"template":"","format":"standard","meta":{"_acf_changed":false,"_seopress_titles_title":"","_seopress_titles_desc":"","_seopress_robots_index":"","_seopress_robots_follow":"","_seopress_robots_imageindex":"","_seopress_robots_snippet":"","_seopress_robots_primary_cat":"none","_seopress_robots_breadcrumbs":"","_seopress_robots_freeze_modified_date":"","_seopress_robots_custom_modified_date":"","_seopress_robots_canonical":"","_seopress_social_fb_title":"","_seopress_social_fb_desc":"","_seopress_social_fb_img":"","_seopress_social_fb_img_attachment_id":0,"_seopress_social_fb_img_width":0,"_seopress_social_fb_img_height":0,"_seopress_social_twitter_title":"","_seopress_social_twitter_desc":"","_seopress_social_twitter_img":"","_seopress_social_twitter_img_attachment_id":0,"_seopress_social_twitter_img_width":0,"_seopress_social_twitter_img_height":0,"_seopress_redirections_value":"","_seopress_redirections_enabled":"","_seopress_redirections_enabled_regex":"","_seopress_redirections_logged_status":"both","_seopress_redirections_param":"","_seopress_redirections_type":301,"_seopress_analysis_target_kw":"","_seopress_news_disabled":"","_seopress_video_disabled":"","_seopress_video":[],"_seopress_pro_schemas_manual":[],"_seopress_pro_rich_snippets_disable_all":"","_seopress_pro_rich_snippets_disable":[],"_seopress_pro_schemas":[],"_gspb_post_css":"","footnotes":""},"categories":[359],"tags":[],"libelle":[],"class_list":["post-7671","post","type-post","status-publish","format-standard","has-post-thumbnail","category-actualites"],"blocksy_meta":{"styles_descriptor":{"styles":{"desktop":"","tablet":"","mobile":""},"google_fonts":[],"version":7}},"acf":[],"_links":{"self":[{"href":"https:\/\/www.lagriculteur.fr\/blog\/wp-json\/wp\/v2\/posts\/7671","targetHints":{"allow":["GET"]}}],"collection":[{"href":"https:\/\/www.lagriculteur.fr\/blog\/wp-json\/wp\/v2\/posts"}],"about":[{"href":"https:\/\/www.lagriculteur.fr\/blog\/wp-json\/wp\/v2\/types\/post"}],"author":[{"embeddable":true,"href":"https:\/\/www.lagriculteur.fr\/blog\/wp-json\/wp\/v2\/users\/6"}],"replies":[{"embeddable":true,"href":"https:\/\/www.lagriculteur.fr\/blog\/wp-json\/wp\/v2\/comments?post=7671"}],"version-history":[{"count":3,"href":"https:\/\/www.lagriculteur.fr\/blog\/wp-json\/wp\/v2\/posts\/7671\/revisions"}],"predecessor-version":[{"id":8297,"href":"https:\/\/www.lagriculteur.fr\/blog\/wp-json\/wp\/v2\/posts\/7671\/revisions\/8297"}],"wp:featuredmedia":[{"embeddable":true,"href":"https:\/\/www.lagriculteur.fr\/blog\/wp-json\/wp\/v2\/media\/7674"}],"wp:attachment":[{"href":"https:\/\/www.lagriculteur.fr\/blog\/wp-json\/wp\/v2\/media?parent=7671"}],"wp:term":[{"taxonomy":"category","embeddable":true,"href":"https:\/\/www.lagriculteur.fr\/blog\/wp-json\/wp\/v2\/categories?post=7671"},{"taxonomy":"post_tag","embeddable":true,"href":"https:\/\/www.lagriculteur.fr\/blog\/wp-json\/wp\/v2\/tags?post=7671"},{"taxonomy":"libelle","embeddable":true,"href":"https:\/\/www.lagriculteur.fr\/blog\/wp-json\/wp\/v2\/libelle?post=7671"}],"curies":[{"name":"wp","href":"https:\/\/api.w.org\/{rel}","templated":true}]}}