{"id":7906,"date":"2024-04-29T11:02:54","date_gmt":"2024-04-29T09:02:54","guid":{"rendered":"https:\/\/www.lagriculteur.fr\/blog\/?p=7906"},"modified":"2024-05-22T14:33:21","modified_gmt":"2024-05-22T12:33:21","slug":"nouvelles-initiatives-du-gouvernement-pour-soutenir-les-agriculteurs-francais","status":"publish","type":"post","link":"https:\/\/www.lagriculteur.fr\/blog\/nouvelles-initiatives-du-gouvernement-pour-soutenir-les-agriculteurs-francais\/","title":{"rendered":"Nouvelles initiatives du Gouvernement pour soutenir les Agriculteurs Fran\u00e7ais"},"content":{"rendered":"\n<p class=\"wp-block-paragraph\">Le 27 avril 2024, Gabriel Attal, le Premier ministre fran\u00e7ais, a annonc\u00e9 une s\u00e9rie de mesures renforc\u00e9es visant \u00e0 soutenir les agriculteurs du pays face \u00e0 des d\u00e9fis \u00e9conomiques et environnementaux accrus. Ces initiatives interviennent en r\u00e9ponse \u00e0 des crises multiples, marqu\u00e9es par des conditions m\u00e9t\u00e9orologiques extr\u00eames et des difficult\u00e9s \u00e9conomiques notables.<\/p>\n\n\n\n<h2 class=\"wp-block-heading\" id=\"renforcement-de-la-tresorerie-et-soutien-financier\">Renforcement de la tr\u00e9sorerie et soutien financier<\/h2>\n\n\n\n<p class=\"wp-block-paragraph\">Pour r\u00e9pondre aux besoins imm\u00e9diats des agriculteurs, la Banque Publique d&rsquo;Investissement (BPI France) introduira de nouveaux financements qui totalisent au moins 100 millions d\u2019euros. Ces fonds seront accessibles sous forme de pr\u00eats personnels pouvant aller jusqu&rsquo;\u00e0 75 000 euros et seront accompagn\u00e9s de garanties pour les pr\u00eats contract\u00e9s aupr\u00e8s de banques priv\u00e9es.<\/p>\n\n\n\n<p class=\"wp-block-paragraph\">Lire aussi >> <a href=\"https:\/\/www.lagriculteur.fr\/blog\/dephy-expe-2-evolution-et-impact-des-experimentations-agro-ecologiques\/\" data-type=\"post\" data-id=\"8194\">Dephy Expe 2 : \u00e9volution et impact des exp\u00e9rimentations agro-\u00e9cologiques<\/a><\/p>\n\n\n\n<h2 class=\"wp-block-heading\" id=\"acceleration-des-projets-d-irrigation\">Acc\u00e9l\u00e9ration des projets d&rsquo;irrigation<\/h2>\n\n\n\n<p class=\"wp-block-paragraph\">Le gouvernement a annonc\u00e9 l&rsquo;acc\u00e9l\u00e9ration de 100 projets de stockage d&rsquo;eau et d&rsquo;irrigation, cruciaux pour s\u00e9curiser l&rsquo;approvisionnement en eau \u00e0 long terme, surtout dans des d\u00e9partements s\u00e9v\u00e8rement impact\u00e9s par des ph\u00e9nom\u00e8nes climatiques comme les Pyr\u00e9n\u00e9es-Orientales, l&rsquo;Aude, et l&rsquo;H\u00e9rault.<\/p>\n\n\n\n<div style=\"position:relative;padding-bottom:56.25%;height:0;overflow:hidden;\"> <iframe loading=\"lazy\" style=\"width:100%;height:100%;position:absolute;left:0px;top:0px;overflow:hidden\" frameborder=\"0\" type=\"text\/html\" src=\"https:\/\/www.dailymotion.com\/embed\/video\/x8xjn06?autoplay=1\" width=\"100%\" height=\"100%\" allowfullscreen title=\"Dailymotion Video Player\" allow=\"autoplay\"> <\/iframe> <\/div>\n\n\n\n<h2 class=\"wp-block-heading\" id=\"adaptation-au-changement-climatique-et-aides-specifiques\">Adaptation au changement climatique et aides sp\u00e9cifiques<\/h2>\n\n\n\n<p class=\"wp-block-paragraph\">Un fonds de 50 millions d&rsquo;euros sera allou\u00e9 pour des projets d&rsquo;adaptation au changement climatique dans ces d\u00e9partements. De plus, une enveloppe significative de 150 millions d&rsquo;euros a \u00e9t\u00e9 r\u00e9serv\u00e9e sp\u00e9cifiquement pour les \u00e9leveurs, afin de les soutenir face aux difficult\u00e9s fiscales et sociales actuelles.<\/p>\n\n\n\n<figure class=\"wp-block-image size-full\"><img loading=\"lazy\" decoding=\"async\" width=\"668\" height=\"363\" src=\"https:\/\/www.lagriculteur.fr\/blog\/wp-content\/uploads\/2024\/04\/mesures-attal.png\" alt=\"mesures attal\" class=\"wp-image-7909\" srcset=\"https:\/\/www.lagriculteur.fr\/blog\/wp-content\/uploads\/2024\/04\/mesures-attal.png 668w, https:\/\/www.lagriculteur.fr\/blog\/wp-content\/uploads\/2024\/04\/mesures-attal-300x163.png 300w\" sizes=\"auto, (max-width: 668px) 100vw, 668px\" \/><\/figure>\n\n\n\n<h2 class=\"wp-block-heading\" id=\"reforme-des-retraites-et-mesures-environnementales\">R\u00e9forme des retraites et mesures environnementales<\/h2>\n\n\n\n<p class=\"wp-block-paragraph\">La r\u00e9forme des retraites des agriculteurs, pr\u00e9vue pour 2026, adoptera un calcul bas\u00e9 sur les 25 meilleures ann\u00e9es de carri\u00e8re. Concernant l&rsquo;environnement, le<a href=\"https:\/\/www.lagriculteur.fr\/blog\/vers-une-agriculture-plus-vertueuse-les-ambitions-du-plan-ecophyto\/\" data-type=\"post\" data-id=\"6807\"> plan Ecophyto<\/a> 2030 sera r\u00e9vis\u00e9 et mis en pause pour aligner les r\u00e9gulations sur les pesticides avec les normes europ\u00e9ennes, en particulier concernant l&rsquo;interdiction du pesticide thiaclopride.<\/p>\n\n\n\n<p class=\"wp-block-paragraph\">Ces nouvelles mesures refl\u00e8tent l&rsquo;engagement du gouvernement \u00e0 soutenir un secteur essentiel pour l&rsquo;\u00e9conomie fran\u00e7aise et la stabilit\u00e9 sociale et environnementale du pays. Les agriculteurs, toutefois, restent vigilants quant \u00e0 l&rsquo;application pratique de ces engagements, dans un climat o\u00f9 les d\u00e9fis n\u00e9cessitent des actions rapides et adapt\u00e9es.<\/p>\n\n\n\n<p class=\"wp-block-paragraph\"><a href=\"https:\/\/www.lagriculteur.fr\/\">D\u00e9couvrez l&rsquo;ensemble de nos pi\u00e8ces adaptables sur lagriculteur.fr<\/a><\/p>\n","protected":false},"excerpt":{"rendered":"<p>Le 27 avril 2024, Gabriel Attal, le Premier ministre fran\u00e7ais, a annonc\u00e9 une s\u00e9rie de mesures renforc\u00e9es visant \u00e0 soutenir les agriculteurs du pays face \u00e0 des d\u00e9fis \u00e9conomiques et environnementaux accrus. Ces initiatives interviennent en r\u00e9ponse \u00e0 des crises multiples, marqu\u00e9es par des conditions m\u00e9t\u00e9orologiques extr\u00eames et des difficult\u00e9s \u00e9conomiques notables. Renforcement de la [&hellip;]<\/p>\n","protected":false},"author":6,"featured_media":7910,"comment_status":"open","ping_status":"open","sticky":false,"template":"","format":"standard","meta":{"_acf_changed":false,"_seopress_titles_title":"","_seopress_titles_desc":"","_seopress_robots_index":"","_seopress_robots_follow":"","_seopress_robots_imageindex":"","_seopress_robots_snippet":"","_seopress_robots_primary_cat":"none","_seopress_robots_breadcrumbs":"","_seopress_robots_freeze_modified_date":"","_seopress_robots_custom_modified_date":"","_seopress_robots_canonical":"","_seopress_social_fb_title":"","_seopress_social_fb_desc":"","_seopress_social_fb_img":"","_seopress_social_fb_img_attachment_id":0,"_seopress_social_fb_img_width":0,"_seopress_social_fb_img_height":0,"_seopress_social_twitter_title":"","_seopress_social_twitter_desc":"","_seopress_social_twitter_img":"","_seopress_social_twitter_img_attachment_id":0,"_seopress_social_twitter_img_width":0,"_seopress_social_twitter_img_height":0,"_seopress_redirections_value":"","_seopress_redirections_enabled":"","_seopress_redirections_enabled_regex":"","_seopress_redirections_logged_status":"both","_seopress_redirections_param":"","_seopress_redirections_type":301,"_seopress_analysis_target_kw":"","_seopress_news_disabled":"","_seopress_video_disabled":"","_seopress_video":[],"_seopress_pro_schemas_manual":[],"_seopress_pro_rich_snippets_disable_all":"","_seopress_pro_rich_snippets_disable":[],"_seopress_pro_schemas":[],"_gspb_post_css":"","footnotes":""},"categories":[359],"tags":[],"libelle":[],"class_list":["post-7906","post","type-post","status-publish","format-standard","has-post-thumbnail","category-actualites"],"blocksy_meta":{"styles_descriptor":{"styles":{"desktop":"","tablet":"","mobile":""},"google_fonts":[],"version":7}},"acf":[],"_links":{"self":[{"href":"https:\/\/www.lagriculteur.fr\/blog\/wp-json\/wp\/v2\/posts\/7906","targetHints":{"allow":["GET"]}}],"collection":[{"href":"https:\/\/www.lagriculteur.fr\/blog\/wp-json\/wp\/v2\/posts"}],"about":[{"href":"https:\/\/www.lagriculteur.fr\/blog\/wp-json\/wp\/v2\/types\/post"}],"author":[{"embeddable":true,"href":"https:\/\/www.lagriculteur.fr\/blog\/wp-json\/wp\/v2\/users\/6"}],"replies":[{"embeddable":true,"href":"https:\/\/www.lagriculteur.fr\/blog\/wp-json\/wp\/v2\/comments?post=7906"}],"version-history":[{"count":3,"href":"https:\/\/www.lagriculteur.fr\/blog\/wp-json\/wp\/v2\/posts\/7906\/revisions"}],"predecessor-version":[{"id":8252,"href":"https:\/\/www.lagriculteur.fr\/blog\/wp-json\/wp\/v2\/posts\/7906\/revisions\/8252"}],"wp:featuredmedia":[{"embeddable":true,"href":"https:\/\/www.lagriculteur.fr\/blog\/wp-json\/wp\/v2\/media\/7910"}],"wp:attachment":[{"href":"https:\/\/www.lagriculteur.fr\/blog\/wp-json\/wp\/v2\/media?parent=7906"}],"wp:term":[{"taxonomy":"category","embeddable":true,"href":"https:\/\/www.lagriculteur.fr\/blog\/wp-json\/wp\/v2\/categories?post=7906"},{"taxonomy":"post_tag","embeddable":true,"href":"https:\/\/www.lagriculteur.fr\/blog\/wp-json\/wp\/v2\/tags?post=7906"},{"taxonomy":"libelle","embeddable":true,"href":"https:\/\/www.lagriculteur.fr\/blog\/wp-json\/wp\/v2\/libelle?post=7906"}],"curies":[{"name":"wp","href":"https:\/\/api.w.org\/{rel}","templated":true}]}}