{"id":7913,"date":"2024-04-29T14:02:11","date_gmt":"2024-04-29T12:02:11","guid":{"rendered":"https:\/\/www.lagriculteur.fr\/blog\/?p=7913"},"modified":"2024-05-22T14:28:07","modified_gmt":"2024-05-22T12:28:07","slug":"decouverte-de-la-serie-5-keyline-de-deutz-fahr-une-revolution-dans-le-monde-agricole","status":"publish","type":"post","link":"https:\/\/www.lagriculteur.fr\/blog\/decouverte-de-la-serie-5-keyline-de-deutz-fahr-une-revolution-dans-le-monde-agricole\/","title":{"rendered":"D\u00e9couverte de la s\u00e9rie 5 Keyline de Deutz Fahr : une r\u00e9volution dans le monde agricole"},"content":{"rendered":"\n<p class=\"wp-block-paragraph\">L&rsquo;innovation continue de Deutz Fahr dans le secteur agricole atteint un nouveau jalon avec la mise \u00e0 jour de sa s\u00e9rie 5 Keyline. Cette gamme, d\u00e9sormais compos\u00e9e de quatre mod\u00e8les allant de 75 \u00e0 106 chevaux, se positionne id\u00e9alement pour r\u00e9pondre aux besoins vari\u00e9s des exploitations modernes.<\/p>\n\n\n\n<h2 class=\"wp-block-heading\" id=\"un-moteur-adapte-aux-exigences-environnementales\">Un moteur adapt\u00e9 aux exigences environnementales<\/h2>\n\n\n\n<p class=\"wp-block-paragraph\">Au c\u0153ur de la s\u00e9rie 5 Keyline se trouve le moteur FARMotion 45, un robuste quatre cylindres de 3,8 litres. Selon le mod\u00e8le, les agriculteurs ont le choix entre une gestion d&rsquo;\u00e9mission avec AdBlue et un syst\u00e8me plus simple, mais efficace, qui combine un Catalyseur d&rsquo;Oxydation Diesel (DOC) et un Filtre \u00e0 Particules (DPF). Le mod\u00e8le 5075 Keyline, par exemple, se conforme aux normes d&rsquo;\u00e9mission Stage V sans n\u00e9cessit\u00e9 suppl\u00e9mentaire d&rsquo;AdBlue, une avanc\u00e9e notable pour les petites exploitations soucieuses de l&rsquo;environnement.<\/p>\n\n\n\n<h2 class=\"wp-block-heading\" id=\"transmission-et-controle-ameliores\">Transmission et contr\u00f4le am\u00e9lior\u00e9s<\/h2>\n\n\n\n<p class=\"wp-block-paragraph\">En termes de transmission, Deutz Fahr ne l\u00e9sine pas sur les options pour maximiser l&rsquo;efficacit\u00e9 et le confort. La gamme propose des configurations de 20&#215;20 rapports avec une option Hi-Lo (powershift) qui \u00e9tend la d\u00e9multiplication \u00e0 40&#215;40 rapports. Pour les t\u00e2ches n\u00e9cessitant pr\u00e9cision et souplesse, le syst\u00e8me PowerShuttle avec l&rsquo;inverseur \u00e9lectrohydraulique et la fonction Stop&amp;Go de s\u00e9rie enrichit l&rsquo;exp\u00e9rience de conduite, particuli\u00e8rement avec un chargeur frontal.<\/p>\n\n\n\n<h2 class=\"wp-block-heading\" id=\"hydraulique-et-capacites-de-levage\">Hydraulique et capacit\u00e9s de levage<\/h2>\n\n\n\n<p class=\"wp-block-paragraph\">La s\u00e9rie 5 Keyline se distingue aussi par son syst\u00e8me hydraulique performant, d\u00e9livrant 55 l\/min pour une utilisation optimis\u00e9e via deux ou trois distributeurs arri\u00e8re \u00e0 double effet. Pour ceux qui n\u00e9cessitent plus, des distributeurs suppl\u00e9mentaires pour le chargeur frontal sont disponibles. Le relevage arri\u00e8re, avec la technologie EasyLift, facilite le levage jusqu&rsquo;\u00e0 une capacit\u00e9 maximale de 4 525 kg, garantissant ainsi une flexibilit\u00e9 accrue pour tout type de <a href=\"https:\/\/www.lagriculteur.fr\/\">travail agricole<\/a>.<\/p>\n\n\n\n<iframe loading=\"lazy\" width=\"560\" height=\"315\" src=\"https:\/\/www.youtube.com\/embed\/J3eXOn5uyXs?si=2Erm8sUImezNBE1D\" title=\"YouTube video player\" frameborder=\"0\" allow=\"accelerometer; autoplay; clipboard-write; encrypted-media; gyroscope; picture-in-picture; web-share\" referrerpolicy=\"strict-origin-when-cross-origin\" allowfullscreen><\/iframe>\n\n\n\n<h2 class=\"wp-block-heading\" id=\"confort-et-visibilite-accrus\">Confort et visibilit\u00e9 accrus<\/h2>\n\n\n\n<p class=\"wp-block-paragraph\">Le design de la cabine n&rsquo;a pas \u00e9t\u00e9 laiss\u00e9 au hasard. Offrant une visibilit\u00e9 panoramique, elle est mont\u00e9e sur des hydro silent-blocks et \u00e9quip\u00e9e d&rsquo;un toit FOPS, id\u00e9al pour l&rsquo;utilisation avec un chargeur frontal. Le confort du conducteur est \u00e9galement pris en compte avec un si\u00e8ge pneumatique et un \u00e9clairage am\u00e9lior\u00e9 par 10 phares de travail, assurant la s\u00e9curit\u00e9 et la commodit\u00e9 m\u00eame dans les conditions les plus exigeantes.<\/p>\n\n\n\n<p class=\"wp-block-paragraph\">Voir aussi &gt;&gt;<a href=\"https:\/\/www.lagriculteur.fr\/blog\/la-serie-6-ttv-de-deutz-fahr-une-revolution-dans-le-monde-de-lagriculture\/\" data-type=\"post\" data-id=\"7554\"> La s\u00e9rie 6 TTV de Deutz Fahr<\/a><\/p>\n\n\n\n<h2 class=\"wp-block-heading\" id=\"pourquoi-choisir-la-serie-5-keyline\">Pourquoi choisir la s\u00e9rie 5 Keyline ?<\/h2>\n\n\n\n<p class=\"wp-block-paragraph\">La s\u00e9rie 5 Keyline de Deutz Fahr est plus qu&rsquo;un simple tracteur\u202f; c&rsquo;est une solution globale pens\u00e9e pour les agriculteurs qui exigent fiabilit\u00e9, polyvalence et respect de l&rsquo;environnement dans leur quotidien. Que ce soit pour des travaux l\u00e9gers ou des applications plus lourdes dans les champs, cette s\u00e9rie promet de r\u00e9pondre aux d\u00e9fis actuels et futurs de l&rsquo;agriculture.<\/p>\n\n\n\n<div class=\"wp-block-group is-layout-constrained wp-block-group-is-layout-constrained\">\n<div class=\"wp-block-group is-nowrap is-layout-flex wp-container-core-group-is-layout-995f960e wp-block-group-is-layout-flex\">\n<figure class=\"wp-block-gallery has-nested-images columns-default is-cropped wp-block-gallery-1 is-layout-flex wp-block-gallery-is-layout-flex\">\n<figure class=\"wp-block-image size-large\"><img loading=\"lazy\" decoding=\"async\" width=\"924\" height=\"519\" data-id=\"7921\" src=\"https:\/\/www.lagriculteur.fr\/blog\/wp-content\/uploads\/2024\/04\/5-keyline-2-3.png\" alt=\"5 keyline 2 3\" class=\"wp-image-7921\" srcset=\"https:\/\/www.lagriculteur.fr\/blog\/wp-content\/uploads\/2024\/04\/5-keyline-2-3.png 924w, https:\/\/www.lagriculteur.fr\/blog\/wp-content\/uploads\/2024\/04\/5-keyline-2-3-300x169.png 300w, https:\/\/www.lagriculteur.fr\/blog\/wp-content\/uploads\/2024\/04\/5-keyline-2-3-768x431.png 768w\" sizes=\"auto, (max-width: 924px) 100vw, 924px\" \/><\/figure>\n\n\n\n<figure class=\"wp-block-image size-large\"><img loading=\"lazy\" decoding=\"async\" width=\"920\" height=\"625\" data-id=\"7920\" src=\"https:\/\/www.lagriculteur.fr\/blog\/wp-content\/uploads\/2024\/04\/5-keyline-3-1.png\" alt=\"5 keyline 3 1\" class=\"wp-image-7920\" srcset=\"https:\/\/www.lagriculteur.fr\/blog\/wp-content\/uploads\/2024\/04\/5-keyline-3-1.png 920w, https:\/\/www.lagriculteur.fr\/blog\/wp-content\/uploads\/2024\/04\/5-keyline-3-1-300x204.png 300w, https:\/\/www.lagriculteur.fr\/blog\/wp-content\/uploads\/2024\/04\/5-keyline-3-1-768x522.png 768w\" sizes=\"auto, (max-width: 920px) 100vw, 920px\" \/><\/figure>\n<\/figure>\n<\/div>\n<\/div>\n\n\n\n<p class=\"wp-block-paragraph\">Avec ces avanc\u00e9es, Deutz Fahr continue de d\u00e9montrer son engagement envers l&rsquo;innovation et la satisfaction des besoins \u00e9volutifs de l&rsquo;agriculture moderne. Chaque mod\u00e8le de la s\u00e9rie 5 Keyline est une d\u00e9claration de la capacit\u00e9 de l&rsquo;entreprise \u00e0 int\u00e9grer des technologies de pointe tout en restant fid\u00e8le \u00e0 ses racines de robustesse et de performance. Pour tout agriculteur envisageant d&rsquo;acqu\u00e9rir un nouveau tracteur, la s\u00e9rie 5 Keyline m\u00e9rite une consid\u00e9ration s\u00e9rieuse.<\/p>\n\n\n\n<p class=\"wp-block-paragraph\">Retrouvez toutes les nouvelles des innovations technologiques agricoles dans notre s\u00e9rie <em>Technologies et innovations<\/em> du blog l\u2019agriculteur.fr<\/p>\n","protected":false},"excerpt":{"rendered":"<p>L&rsquo;innovation continue de Deutz Fahr dans le secteur agricole atteint un nouveau jalon avec la mise \u00e0 jour de sa s\u00e9rie 5 Keyline. Cette gamme, d\u00e9sormais compos\u00e9e de quatre mod\u00e8les allant de 75 \u00e0 106 chevaux, se positionne id\u00e9alement pour r\u00e9pondre aux besoins vari\u00e9s des exploitations modernes. Un moteur adapt\u00e9 aux exigences environnementales Au c\u0153ur [&hellip;]<\/p>\n","protected":false},"author":6,"featured_media":7922,"comment_status":"open","ping_status":"open","sticky":false,"template":"","format":"standard","meta":{"_acf_changed":false,"_seopress_titles_title":"","_seopress_titles_desc":"","_seopress_robots_index":"","_seopress_robots_follow":"","_seopress_robots_imageindex":"","_seopress_robots_snippet":"","_seopress_robots_primary_cat":"none","_seopress_robots_breadcrumbs":"","_seopress_robots_freeze_modified_date":"","_seopress_robots_custom_modified_date":"","_seopress_robots_canonical":"","_seopress_social_fb_title":"","_seopress_social_fb_desc":"","_seopress_social_fb_img":"","_seopress_social_fb_img_attachment_id":0,"_seopress_social_fb_img_width":0,"_seopress_social_fb_img_height":0,"_seopress_social_twitter_title":"","_seopress_social_twitter_desc":"","_seopress_social_twitter_img":"","_seopress_social_twitter_img_attachment_id":0,"_seopress_social_twitter_img_width":0,"_seopress_social_twitter_img_height":0,"_seopress_redirections_value":"","_seopress_redirections_enabled":"","_seopress_redirections_enabled_regex":"","_seopress_redirections_logged_status":"both","_seopress_redirections_param":"","_seopress_redirections_type":301,"_seopress_analysis_target_kw":"","_seopress_news_disabled":"","_seopress_video_disabled":"","_seopress_video":[],"_seopress_pro_schemas_manual":[],"_seopress_pro_rich_snippets_disable_all":"","_seopress_pro_rich_snippets_disable":[],"_seopress_pro_schemas":[],"_gspb_post_css":"","footnotes":""},"categories":[358],"tags":[],"libelle":[],"class_list":["post-7913","post","type-post","status-publish","format-standard","has-post-thumbnail","category-technologies-et-innovations"],"blocksy_meta":{"styles_descriptor":{"styles":{"desktop":"","tablet":"","mobile":""},"google_fonts":[],"version":7}},"acf":[],"_links":{"self":[{"href":"https:\/\/www.lagriculteur.fr\/blog\/wp-json\/wp\/v2\/posts\/7913","targetHints":{"allow":["GET"]}}],"collection":[{"href":"https:\/\/www.lagriculteur.fr\/blog\/wp-json\/wp\/v2\/posts"}],"about":[{"href":"https:\/\/www.lagriculteur.fr\/blog\/wp-json\/wp\/v2\/types\/post"}],"author":[{"embeddable":true,"href":"https:\/\/www.lagriculteur.fr\/blog\/wp-json\/wp\/v2\/users\/6"}],"replies":[{"embeddable":true,"href":"https:\/\/www.lagriculteur.fr\/blog\/wp-json\/wp\/v2\/comments?post=7913"}],"version-history":[{"count":4,"href":"https:\/\/www.lagriculteur.fr\/blog\/wp-json\/wp\/v2\/posts\/7913\/revisions"}],"predecessor-version":[{"id":8250,"href":"https:\/\/www.lagriculteur.fr\/blog\/wp-json\/wp\/v2\/posts\/7913\/revisions\/8250"}],"wp:featuredmedia":[{"embeddable":true,"href":"https:\/\/www.lagriculteur.fr\/blog\/wp-json\/wp\/v2\/media\/7922"}],"wp:attachment":[{"href":"https:\/\/www.lagriculteur.fr\/blog\/wp-json\/wp\/v2\/media?parent=7913"}],"wp:term":[{"taxonomy":"category","embeddable":true,"href":"https:\/\/www.lagriculteur.fr\/blog\/wp-json\/wp\/v2\/categories?post=7913"},{"taxonomy":"post_tag","embeddable":true,"href":"https:\/\/www.lagriculteur.fr\/blog\/wp-json\/wp\/v2\/tags?post=7913"},{"taxonomy":"libelle","embeddable":true,"href":"https:\/\/www.lagriculteur.fr\/blog\/wp-json\/wp\/v2\/libelle?post=7913"}],"curies":[{"name":"wp","href":"https:\/\/api.w.org\/{rel}","templated":true}]}}