{"id":8194,"date":"2024-05-21T09:12:48","date_gmt":"2024-05-21T07:12:48","guid":{"rendered":"https:\/\/www.lagriculteur.fr\/blog\/?p=8194"},"modified":"2024-05-22T11:38:28","modified_gmt":"2024-05-22T09:38:28","slug":"dephy-expe-2-evolution-et-impact-des-experimentations-agro-ecologiques","status":"publish","type":"post","link":"https:\/\/www.lagriculteur.fr\/blog\/dephy-expe-2-evolution-et-impact-des-experimentations-agro-ecologiques\/","title":{"rendered":"Dephy Expe 2 : \u00e9volution et impact des exp\u00e9rimentations agro-\u00e9cologiques"},"content":{"rendered":"\n<h2 class=\"wp-block-heading\" id=\"introduction-au-programme-dephy-expe\">&nbsp;Introduction au programme Dephy Expe<\/h2>\n\n\n\n<p class=\"wp-block-paragraph\">Le r\u00e9seau Dephy Expe, mis en \u0153uvre dans le cadre du plan <a href=\"https:\/\/www.lagriculteur.fr\/blog\/vers-une-agriculture-plus-vertueuse-les-ambitions-du-plan-ecophyto\/\" data-type=\"post\" data-id=\"6807\">Ecophyto<\/a> 2 lanc\u00e9 en 2015, s&rsquo;est \u00e9tabli comme un pilier dans la transition vers une agriculture moins d\u00e9pendante des produits phytosanitaires. En r\u00e9ponse \u00e0 la n\u00e9cessit\u00e9 de r\u00e9duire l&rsquo;impact environnemental de l&rsquo;agriculture tout en conservant sa viabilit\u00e9 \u00e9conomique, Dephy Expe a lanc\u00e9 deux vagues de projets exp\u00e9rimentaux depuis 2018, visant \u00e0 minimiser l&rsquo;utilisation des pesticides en dernier recours.<\/p>\n\n\n\n<h2 class=\"wp-block-heading\" id=\"les-projets-de-la-deuxieme-vague\">&nbsp;Les projets de la deuxi\u00e8me vague<\/h2>\n\n\n\n<p class=\"wp-block-paragraph\">La deuxi\u00e8me vague, d\u00e9but\u00e9e entre 2018 et 2019, a vu le lancement de 41 projets vari\u00e9s, couvrant les secteurs des grandes cultures, de la <a href=\"https:\/\/www.lagriculteur.fr\/blog\/evenement\/sitevi-2023\/\" data-type=\"evenement\" data-id=\"7486\">viticulture<\/a>, de l&rsquo;horticulture, et bien d&rsquo;autres. Ces projets ont \u00e9t\u00e9 d\u00e9ploy\u00e9s sur 200 sites exp\u00e9rimentaux \u00e0 travers la France, avec une dur\u00e9e de quatre \u00e0 six ans, afin d&rsquo;\u00e9valuer des pratiques agricoles innovantes et durables. Ces exp\u00e9rimentations visaient une r\u00e9duction d&rsquo;au moins 50 % de l&rsquo;Indice de Fr\u00e9quence de Traitement (IFT), ce qui marque une avanc\u00e9e significative par rapport aux objectifs initiaux du r\u00e9seau.<\/p>\n\n\n\n<iframe loading=\"lazy\" width=\"560\" height=\"315\" src=\"https:\/\/www.youtube.com\/embed\/uKaenv4Fv54?si=xMOWi35tNRDMt-wq\" title=\"YouTube video player\" frameborder=\"0\" allow=\"accelerometer; autoplay; clipboard-write; encrypted-media; gyroscope; picture-in-picture; web-share\" referrerpolicy=\"strict-origin-when-cross-origin\" allowfullscreen><\/iframe>\n\n\n\n<h2 class=\"wp-block-heading\" id=\"resultats-et-defis\">R\u00e9sultats et d\u00e9fis<\/h2>\n\n\n\n<p class=\"wp-block-paragraph\">Les r\u00e9sultats, bien que prometteurs, montrent des d\u00e9fis non n\u00e9gligeables. Par exemple, le projet Agrosem a r\u00e9ussi \u00e0 produire des semences sans produits phytosanitaires de synth\u00e8se, mais a vu une r\u00e9duction des rendements de 7 % et une augmentation du temps de travail. D&rsquo;autres projets ont r\u00e9v\u00e9l\u00e9 que les gains \u00e9cologiques peuvent parfois entra\u00eener des co\u00fbts suppl\u00e9mentaires, que ce soit en main d&rsquo;\u0153uvre ou en ressources mat\u00e9rielles.<\/p>\n\n\n\n<p class=\"wp-block-paragraph\">Le Syno&rsquo;Phyt, un autre projet notable, a exp\u00e9riment\u00e9 avec diff\u00e9rents niveaux de r\u00e9duction de l&rsquo;IFT, d\u00e9montrant que les syst\u00e8mes sans pesticides synth\u00e9tiques peuvent \u00eatre \u00e9conomiquement viables, bien que les r\u00e9sultats soient variables.<\/p>\n\n\n\n<h2 class=\"wp-block-heading\" id=\"financement-et-risque-partage\">Financement et risque partag\u00e9<\/h2>\n\n\n\n<p class=\"wp-block-paragraph\">Un enjeu central reste le financement du risque. Le passage \u00e0 des pratiques agricoles plus durables n\u00e9cessite un soutien financier robuste pour g\u00e9rer les risques associ\u00e9s \u00e0 de nouvelles techniques. La strat\u00e9gie Ecophyto 2030 pr\u00e9voit un budget de 90 millions d&rsquo;euros pour soutenir ces initiatives, soulignant l&rsquo;importance de d\u00e9velopper des m\u00e9canismes pour partager les risques financiers entre les agriculteurs et les structures de soutien.<\/p>\n\n\n\n<h2 class=\"wp-block-heading\" id=\"vers-dephy-expe-3\">Vers Dephy Expe 3<\/h2>\n\n\n\n<p class=\"wp-block-paragraph\">Avec la cl\u00f4ture de la deuxi\u00e8me vague de projets, les pr\u00e9paratifs pour Dephy Expe 3 sont d\u00e9j\u00e0 en cours. Un nouvel appel \u00e0 projets a \u00e9t\u00e9 lanc\u00e9 d\u00e9but 2024, refl\u00e9tant l&rsquo;engagement continu du r\u00e9seau vers l&rsquo;innovation en agriculture. Ce programme repr\u00e9sente une composante essentielle de la transition vers une agriculture plus respectueuse de l&rsquo;environnement, align\u00e9e sur les besoins contemporains de durabilit\u00e9 et de responsabilit\u00e9 \u00e9cologique.<\/p>\n\n\n\n<figure class=\"wp-block-image size-full\"><img loading=\"lazy\" decoding=\"async\" width=\"747\" height=\"296\" src=\"https:\/\/www.lagriculteur.fr\/blog\/wp-content\/uploads\/2024\/05\/dephy2.png\" alt=\"dephy2\" class=\"wp-image-8197\" srcset=\"https:\/\/www.lagriculteur.fr\/blog\/wp-content\/uploads\/2024\/05\/dephy2.png 747w, https:\/\/www.lagriculteur.fr\/blog\/wp-content\/uploads\/2024\/05\/dephy2-300x119.png 300w\" sizes=\"auto, (max-width: 747px) 100vw, 747px\" \/><\/figure>\n\n\n\n<p class=\"wp-block-paragraph\">Dephy Expe d\u00e9montre que le chemin vers une r\u00e9duction significative de l&rsquo;utilisation des pesticides est non seulement possible, mais \u00e9galement enrichissant. En d\u00e9pit des d\u00e9fis, les avanc\u00e9es r\u00e9alis\u00e9es encouragent l&rsquo;ensemble du secteur agricole \u00e0 adopter des pratiques plus respectueuses de l&rsquo;environnement. La continuation de ces efforts est essentielle pour atteindre les objectifs nationaux et globaux de durabilit\u00e9 agricole.<\/p>\n\n\n\n<p class=\"wp-block-paragraph\">Retrouvez l&rsquo;ensemble de nos <a href=\"https:\/\/www.lagriculteur.fr\/\" data-type=\"link\" data-id=\"https:\/\/www.lagriculteur.fr\/\">pi\u00e8ces d\u00e9tach\u00e9es<\/a> adaptables pour machines agricoles sur notre boutique lagriculteur.fr<\/p>\n","protected":false},"excerpt":{"rendered":"<p>&nbsp;Introduction au programme Dephy Expe Le r\u00e9seau Dephy Expe, mis en \u0153uvre dans le cadre du plan Ecophyto 2 lanc\u00e9 en 2015, s&rsquo;est \u00e9tabli comme un pilier dans la transition vers une agriculture moins d\u00e9pendante des produits phytosanitaires. En r\u00e9ponse \u00e0 la n\u00e9cessit\u00e9 de r\u00e9duire l&rsquo;impact environnemental de l&rsquo;agriculture tout en conservant sa viabilit\u00e9 \u00e9conomique, [&hellip;]<\/p>\n","protected":false},"author":6,"featured_media":8198,"comment_status":"open","ping_status":"open","sticky":false,"template":"","format":"standard","meta":{"_acf_changed":false,"_seopress_titles_title":"","_seopress_titles_desc":"","_seopress_robots_index":"","_seopress_robots_follow":"","_seopress_robots_imageindex":"","_seopress_robots_snippet":"","_seopress_robots_primary_cat":"none","_seopress_robots_breadcrumbs":"","_seopress_robots_freeze_modified_date":"","_seopress_robots_custom_modified_date":"","_seopress_robots_canonical":"","_seopress_social_fb_title":"","_seopress_social_fb_desc":"","_seopress_social_fb_img":"","_seopress_social_fb_img_attachment_id":0,"_seopress_social_fb_img_width":0,"_seopress_social_fb_img_height":0,"_seopress_social_twitter_title":"","_seopress_social_twitter_desc":"","_seopress_social_twitter_img":"","_seopress_social_twitter_img_attachment_id":0,"_seopress_social_twitter_img_width":0,"_seopress_social_twitter_img_height":0,"_seopress_redirections_value":"","_seopress_redirections_enabled":"","_seopress_redirections_enabled_regex":"","_seopress_redirections_logged_status":"both","_seopress_redirections_param":"","_seopress_redirections_type":301,"_seopress_analysis_target_kw":"","_seopress_news_disabled":"","_seopress_video_disabled":"","_seopress_video":[],"_seopress_pro_schemas_manual":[],"_seopress_pro_rich_snippets_disable_all":"","_seopress_pro_rich_snippets_disable":[],"_seopress_pro_schemas":[],"_gspb_post_css":"","footnotes":""},"categories":[359],"tags":[],"libelle":[],"class_list":["post-8194","post","type-post","status-publish","format-standard","has-post-thumbnail","category-actualites"],"blocksy_meta":{"styles_descriptor":{"styles":{"desktop":"","tablet":"","mobile":""},"google_fonts":[],"version":7}},"acf":[],"_links":{"self":[{"href":"https:\/\/www.lagriculteur.fr\/blog\/wp-json\/wp\/v2\/posts\/8194","targetHints":{"allow":["GET"]}}],"collection":[{"href":"https:\/\/www.lagriculteur.fr\/blog\/wp-json\/wp\/v2\/posts"}],"about":[{"href":"https:\/\/www.lagriculteur.fr\/blog\/wp-json\/wp\/v2\/types\/post"}],"author":[{"embeddable":true,"href":"https:\/\/www.lagriculteur.fr\/blog\/wp-json\/wp\/v2\/users\/6"}],"replies":[{"embeddable":true,"href":"https:\/\/www.lagriculteur.fr\/blog\/wp-json\/wp\/v2\/comments?post=8194"}],"version-history":[{"count":4,"href":"https:\/\/www.lagriculteur.fr\/blog\/wp-json\/wp\/v2\/posts\/8194\/revisions"}],"predecessor-version":[{"id":8234,"href":"https:\/\/www.lagriculteur.fr\/blog\/wp-json\/wp\/v2\/posts\/8194\/revisions\/8234"}],"wp:featuredmedia":[{"embeddable":true,"href":"https:\/\/www.lagriculteur.fr\/blog\/wp-json\/wp\/v2\/media\/8198"}],"wp:attachment":[{"href":"https:\/\/www.lagriculteur.fr\/blog\/wp-json\/wp\/v2\/media?parent=8194"}],"wp:term":[{"taxonomy":"category","embeddable":true,"href":"https:\/\/www.lagriculteur.fr\/blog\/wp-json\/wp\/v2\/categories?post=8194"},{"taxonomy":"post_tag","embeddable":true,"href":"https:\/\/www.lagriculteur.fr\/blog\/wp-json\/wp\/v2\/tags?post=8194"},{"taxonomy":"libelle","embeddable":true,"href":"https:\/\/www.lagriculteur.fr\/blog\/wp-json\/wp\/v2\/libelle?post=8194"}],"curies":[{"name":"wp","href":"https:\/\/api.w.org\/{rel}","templated":true}]}}