{"id":8597,"date":"2024-07-30T09:36:33","date_gmt":"2024-07-30T07:36:33","guid":{"rendered":"https:\/\/www.lagriculteur.fr\/blog\/?p=8597"},"modified":"2024-09-17T16:25:11","modified_gmt":"2024-09-17T14:25:11","slug":"moisson-2024-une-annee-de-defis-pour-les-agriculteurs","status":"publish","type":"post","link":"https:\/\/www.lagriculteur.fr\/blog\/moisson-2024-une-annee-de-defis-pour-les-agriculteurs\/","title":{"rendered":"Moisson 2024 : une ann\u00e9e de d\u00e9fis pour les agriculteurs"},"content":{"rendered":"\n<p class=\"wp-block-paragraph\">La moisson 2024 s&rsquo;annonce particuli\u00e8rement difficile pour les agriculteurs de Seine-et-Marne et de nombreuses autres r\u00e9gions en France. En raison des conditions m\u00e9t\u00e9orologiques d\u00e9favorables, les rendements des cultures c\u00e9r\u00e9ali\u00e8res sont en baisse significative, rappelant les difficult\u00e9s rencontr\u00e9es en 2016. <\/p>\n\n\n\n<h2 class=\"wp-block-heading\" id=\"un-printemps-pluvieux-et-un-ete-maussade\">Un printemps pluvieux et un \u00e9t\u00e9 maussade<\/h2>\n\n\n\n<p class=\"wp-block-paragraph\">Les conditions m\u00e9t\u00e9orologiques de cette ann\u00e9e ont \u00e9t\u00e9 particuli\u00e8rement difficiles pour l&rsquo;agriculture. Depuis le 18 octobre 2023, la r\u00e9gion de Seine-et-Marne a subi des pr\u00e9cipitations incessantes. Ces conditions pluvieuses ont persist\u00e9 tout au long du printemps et de l&rsquo;\u00e9t\u00e9, limitant l&rsquo;ensoleillement n\u00e9cessaire \u00e0 la croissance des cultures. <\/p>\n\n\n\n<h2 class=\"wp-block-heading\" id=\"des-rendements-en-baisse\">Des rendements en baisse<\/h2>\n\n\n\n<p class=\"wp-block-paragraph\">Les cons\u00e9quences de ces conditions climatiques d\u00e9favorables sont s\u00e9v\u00e8res. Les rendements des cultures c\u00e9r\u00e9ali\u00e8res ont chut\u00e9 de mani\u00e8re dramatique. Les agriculteurs de Seine-et-Marne rapportent une baisse de 30 % du rendement de l\u2019orge d\u2019hiver et jusqu\u2019\u00e0 50 % pour le bl\u00e9. En mai, les \u00e9pis de bl\u00e9 semblaient prometteurs, mais les pluies continues ont favoris\u00e9 l&rsquo;apparition de maladies foliaires, r\u00e9duisant la photosynth\u00e8se et donc le d\u00e9veloppement des grains. En cons\u00e9quence, les \u00e9pis contiennent moins de grains, et ceux-ci sont plus petits et de moins bonne qualit\u00e9.<\/p>\n\n\n\n<h2 class=\"wp-block-heading\" id=\"des-repercussions-financieres-graves\">Des r\u00e9percussions financi\u00e8res graves<\/h2>\n\n\n\n<p class=\"wp-block-paragraph\">La baisse des rendements se traduit par des difficult\u00e9s financi\u00e8res pour les agriculteurs. \u00ab\u00a0Ceux qui ne sont pas assur\u00e9s vont conna\u00eetre une ann\u00e9e difficile\u00a0\u00bb, avertit Christophe Parent. Avec des co\u00fbts d&rsquo;exploitation en hausse et des prix de vente des c\u00e9r\u00e9ales qui ne compensent pas les pertes de rendement, de nombreux agriculteurs se trouvent dans une situation pr\u00e9caire. Les co\u00fbts ont \u00e9norm\u00e9ment augment\u00e9 depuis 2016, malgr\u00e9 des prix du bl\u00e9 similaires ou plus \u00e9lev\u00e9s.<\/p>\n\n\n\n<p class=\"wp-block-paragraph\">Voir aussi &gt;&gt; <a href=\"https:\/\/www.lagriculteur.fr\/blog\/moisson-2023-une-recolte-francaise-de-ble-tendre-satisfaisante-malgre-des-defis-climatiques\/\" data-type=\"post\" data-id=\"7192\">Moisson 2023 : Une r\u00e9colte fran\u00e7aise de bl\u00e9 tendre satisfaisante malgr\u00e9 des d\u00e9fis climatiques<\/a><\/p>\n\n\n\n<h2 class=\"wp-block-heading\" id=\"soutien-gouvernemental-et-espoirs-pour-l-avenir\">Soutien gouvernemental et espoirs pour l&rsquo;avenir<\/h2>\n\n\n\n<p class=\"wp-block-paragraph\">Face \u00e0 cette crise, le gouvernement a propos\u00e9 plusieurs mesures de soutien, telles que la mobilisation de l\u2019assurance r\u00e9colte, des d\u00e9gr\u00e8vements de taxes et la mise en place de dispositifs d\u2019\u00e9pargne de pr\u00e9caution. Des discussions avec Bruxelles pour l\u2019activation de la r\u00e9serve de crise agricole sont \u00e9galement en cours. Le ministre Marc Fesneau a assur\u00e9 que le gouvernement reste vigilant et pr\u00eat \u00e0 activer ces mesures si n\u00e9cessaire.<\/p>\n\n\n\n<p class=\"wp-block-paragraph\">Arnaud Rousseau, pr\u00e9sident de la FNSEA, a soulign\u00e9 l&rsquo;importance d&rsquo;un soutien rapide et efficace pour assurer la tr\u00e9sorerie des exploitations. \u00ab\u00a0Il faut maintenant avoir assez de tr\u00e9sorerie pour pouvoir emblaver l\u2019ann\u00e9e prochaine\u00a0\u00bb, a-t-il rappel\u00e9, insistant sur la n\u00e9cessit\u00e9 de changer l\u2019\u00e9tat d\u2019esprit et de simplifier les proc\u00e9dures pour les agriculteurs.<\/p>\n\n\n\n<p class=\"wp-block-paragraph\"><a href=\"https:\/\/www.lagriculteur.fr\/\">Retrouvez l&rsquo;ensemble de nos pi\u00e8ces agricoles sur l&rsquo;agriculteur.fr<\/a><\/p>\n","protected":false},"excerpt":{"rendered":"<p>La moisson 2024 s&rsquo;annonce particuli\u00e8rement difficile pour les agriculteurs de Seine-et-Marne et de nombreuses autres r\u00e9gions en France. En raison des conditions m\u00e9t\u00e9orologiques d\u00e9favorables, les rendements des cultures c\u00e9r\u00e9ali\u00e8res sont en baisse significative, rappelant les difficult\u00e9s rencontr\u00e9es en 2016. Un printemps pluvieux et un \u00e9t\u00e9 maussade Les conditions m\u00e9t\u00e9orologiques de cette ann\u00e9e ont \u00e9t\u00e9 particuli\u00e8rement [&hellip;]<\/p>\n","protected":false},"author":6,"featured_media":7195,"comment_status":"open","ping_status":"open","sticky":false,"template":"","format":"standard","meta":{"_acf_changed":false,"_seopress_titles_title":"","_seopress_titles_desc":"","_seopress_robots_index":"","_seopress_robots_follow":"","_seopress_robots_imageindex":"","_seopress_robots_snippet":"","_seopress_robots_primary_cat":"none","_seopress_robots_breadcrumbs":"","_seopress_robots_freeze_modified_date":"","_seopress_robots_custom_modified_date":"","_seopress_robots_canonical":"","_seopress_social_fb_title":"","_seopress_social_fb_desc":"","_seopress_social_fb_img":"","_seopress_social_fb_img_attachment_id":0,"_seopress_social_fb_img_width":0,"_seopress_social_fb_img_height":0,"_seopress_social_twitter_title":"","_seopress_social_twitter_desc":"","_seopress_social_twitter_img":"","_seopress_social_twitter_img_attachment_id":0,"_seopress_social_twitter_img_width":0,"_seopress_social_twitter_img_height":0,"_seopress_redirections_value":"","_seopress_redirections_enabled":"","_seopress_redirections_enabled_regex":"","_seopress_redirections_logged_status":"both","_seopress_redirections_param":"","_seopress_redirections_type":301,"_seopress_analysis_target_kw":"","_seopress_news_disabled":"","_seopress_video_disabled":"","_seopress_video":[],"_seopress_pro_schemas_manual":[],"_seopress_pro_rich_snippets_disable_all":"","_seopress_pro_rich_snippets_disable":[],"_seopress_pro_schemas":[],"_gspb_post_css":"","footnotes":""},"categories":[359,364,135],"tags":[],"libelle":[],"class_list":["post-8597","post","type-post","status-publish","format-standard","has-post-thumbnail","category-actualites","category-culture","category-par-defaut"],"blocksy_meta":{"styles_descriptor":{"styles":{"desktop":"","tablet":"","mobile":""},"google_fonts":[],"version":7}},"acf":[],"_links":{"self":[{"href":"https:\/\/www.lagriculteur.fr\/blog\/wp-json\/wp\/v2\/posts\/8597","targetHints":{"allow":["GET"]}}],"collection":[{"href":"https:\/\/www.lagriculteur.fr\/blog\/wp-json\/wp\/v2\/posts"}],"about":[{"href":"https:\/\/www.lagriculteur.fr\/blog\/wp-json\/wp\/v2\/types\/post"}],"author":[{"embeddable":true,"href":"https:\/\/www.lagriculteur.fr\/blog\/wp-json\/wp\/v2\/users\/6"}],"replies":[{"embeddable":true,"href":"https:\/\/www.lagriculteur.fr\/blog\/wp-json\/wp\/v2\/comments?post=8597"}],"version-history":[{"count":2,"href":"https:\/\/www.lagriculteur.fr\/blog\/wp-json\/wp\/v2\/posts\/8597\/revisions"}],"predecessor-version":[{"id":8687,"href":"https:\/\/www.lagriculteur.fr\/blog\/wp-json\/wp\/v2\/posts\/8597\/revisions\/8687"}],"wp:featuredmedia":[{"embeddable":true,"href":"https:\/\/www.lagriculteur.fr\/blog\/wp-json\/wp\/v2\/media\/7195"}],"wp:attachment":[{"href":"https:\/\/www.lagriculteur.fr\/blog\/wp-json\/wp\/v2\/media?parent=8597"}],"wp:term":[{"taxonomy":"category","embeddable":true,"href":"https:\/\/www.lagriculteur.fr\/blog\/wp-json\/wp\/v2\/categories?post=8597"},{"taxonomy":"post_tag","embeddable":true,"href":"https:\/\/www.lagriculteur.fr\/blog\/wp-json\/wp\/v2\/tags?post=8597"},{"taxonomy":"libelle","embeddable":true,"href":"https:\/\/www.lagriculteur.fr\/blog\/wp-json\/wp\/v2\/libelle?post=8597"}],"curies":[{"name":"wp","href":"https:\/\/api.w.org\/{rel}","templated":true}]}}