{"id":8609,"date":"2024-08-13T11:46:34","date_gmt":"2024-08-13T09:46:34","guid":{"rendered":"https:\/\/www.lagriculteur.fr\/blog\/?p=8609"},"modified":"2024-09-17T16:29:23","modified_gmt":"2024-09-17T14:29:23","slug":"le-colza-2025-strategies-de-semis-pour-une-recolte-optimisee","status":"publish","type":"post","link":"https:\/\/www.lagriculteur.fr\/blog\/le-colza-2025-strategies-de-semis-pour-une-recolte-optimisee\/","title":{"rendered":"Le Colza 2025 : strat\u00e9gies de semis pour une r\u00e9colte optimis\u00e9e"},"content":{"rendered":"\n<p class=\"wp-block-paragraph\">Alors que nous nous approchons de la saison de semis du colza pour 2025, de nombreux agriculteurs se demandent quand et comment semer leurs cultures pour maximiser le rendement tout en minimisant les risques. Cette ann\u00e9e, les conditions climatiques et les dynamiques d&rsquo;insectes d&rsquo;automne rendent la prise de d\u00e9cision cruciale. Voici un guide pour vous aider \u00e0 naviguer dans cette p\u00e9riode d\u00e9terminante.<\/p>\n\n\n\n<h4 class=\"wp-block-heading\" id=\"le-contexte-climatique-actuel\">Le contexte climatique actuel<\/h4>\n\n\n\n<p class=\"wp-block-paragraph\">La pluviom\u00e9trie de ces derni\u00e8res semaines a \u00e9t\u00e9 particuli\u00e8rement in\u00e9gale \u00e0 travers la France. Tandis que l&rsquo;Ouest et le Sud-Ouest ont connu des p\u00e9riodes de s\u00e9cheresse, le Nord-Est a \u00e9t\u00e9 marqu\u00e9 par de fortes pr\u00e9cipitations. Ces conditions h\u00e9t\u00e9rog\u00e8nes compliquent la d\u00e9cision de semis, d&rsquo;autant plus que les pr\u00e9visions m\u00e9t\u00e9orologiques annoncent un temps sec pour les jours \u00e0 venir avec de faibles chances de pr\u00e9cipitations significatives.<\/p>\n\n\n\n<p class=\"wp-block-paragraph\">Ce contexte nous rappelle l&rsquo;importance de bien \u00e9valuer les conditions locales avant de proc\u00e9der au semis. Il est essentiel de consid\u00e9rer les donn\u00e9es pluviom\u00e9triques r\u00e9centes et les pr\u00e9visions \u00e0 court terme pour ajuster la strat\u00e9gie de semis.<\/p>\n\n\n\n<h4 class=\"wp-block-heading\" id=\"determiner-la-periode-optimale-de-semis\">D\u00e9terminer la p\u00e9riode optimale de semis <\/h4>\n\n\n\n<p class=\"wp-block-paragraph\">Le choix du moment pour semer le colza repose sur deux crit\u00e8res principaux : le type de sol et le climat local. Pour d\u00e9terminer la plage de semis optimale, il est conseill\u00e9 de :<\/p>\n\n\n\n<ol class=\"wp-block-list\">\n<li><strong>Analyser le sol<\/strong> : Les sols profonds avec une forte disponibilit\u00e9 en azote permettent une plus grande flexibilit\u00e9 dans le choix de la date de semis. En revanche, les sols superficiels n\u00e9cessitent un semis plus pr\u00e9coce pour assurer une lev\u00e9e rapide avant que les conditions climatiques ne se d\u00e9t\u00e9riorent.<\/li>\n\n\n\n<li><strong>Suivre les pr\u00e9visions climatiques<\/strong> : Une fois la plage de semis d\u00e9termin\u00e9e, il est crucial de surveiller les pr\u00e9visions m\u00e9t\u00e9orologiques. Un sol frais et un temps sec annonc\u00e9 pour les 10 \u00e0 14 jours suivants peuvent justifier un semis pr\u00e9coce, surtout si les pr\u00e9visions indiquent une probabilit\u00e9 faible de pr\u00e9cipitations suffisantes.<\/li>\n<\/ol>\n\n\n\n<h4 class=\"wp-block-heading\" id=\"les-avantages-et-risques-du-semis-precoce\">Les avantages et risques du semis pr\u00e9coce<\/h4>\n\n\n\n<p class=\"wp-block-paragraph\">Semer le colza avant le 15 ao\u00fbt pr\u00e9sente plusieurs avantages significatifs. En semant t\u00f4t, vous pouvez :<\/p>\n\n\n\n<ul class=\"wp-block-list\">\n<li><strong>\u00c9viter le risque d&rsquo;altises adultes<\/strong> : Une lev\u00e9e avant le 1\u1d49\u02b3 septembre permet d&rsquo;\u00e9viter les attaques des altises adultes, favorisant ainsi un d\u00e9veloppement plus sain de la culture.<\/li>\n\n\n\n<li><strong>B\u00e9n\u00e9ficier d&rsquo;une croissance rapide<\/strong> : Les temp\u00e9ratures de fin ao\u00fbt et d\u00e9but septembre sont g\u00e9n\u00e9ralement favorables \u00e0 une croissance dynamique du colza, ce qui renforce sa robustesse face aux conditions hivernales.<\/li>\n\n\n\n<li><strong>Profiter des pr\u00e9cipitations d&rsquo;ao\u00fbt<\/strong> : Les 15 premiers jours d\u2019ao\u00fbt sont souvent plus pluvieux que d\u00e9but septembre, ce qui favorise la lev\u00e9e et l&rsquo;efficacit\u00e9 des herbicides racinaires.<\/li>\n<\/ul>\n\n\n\n<p class=\"wp-block-paragraph\">Cependant, un semis pr\u00e9coce n&rsquo;est pas sans risques. Les sols pauvres en azote peuvent entra\u00eener une croissance faible du colza, le rendant vuln\u00e9rable aux attaques de larves d&rsquo;insectes comme le charan\u00e7on du bourgeon terminal. Pour att\u00e9nuer ce risque, il est recommand\u00e9 d&rsquo;appliquer des engrais azot\u00e9s localis\u00e9s ou en plein, en fonction des r\u00e8glements r\u00e9gionaux en vigueur.<\/p>\n\n\n\n<p class=\"wp-block-paragraph\">Un autre risque \u00e0 consid\u00e9rer est l&rsquo;\u00e9longation excessive du colza, qui peut le rendre plus sensible au gel. Ce ph\u00e9nom\u00e8ne est souvent li\u00e9 \u00e0 une densit\u00e9 de semis trop \u00e9lev\u00e9e, \u00e0 la vari\u00e9t\u00e9 choisie, et \u00e0 la disponibilit\u00e9 en azote. Pour les sols riches, il est conseill\u00e9 de limiter la densit\u00e9 \u00e0 30-35 plantes lev\u00e9es par m\u00b2.<\/p>\n\n\n\n<p class=\"wp-block-paragraph\">>> Lire aussi : <a href=\"https:\/\/www.lagriculteur.fr\/blog\/joskin-betimax-rds-la-nouvelle-reference-de-betaillere-pour-exploitations-de-taille-moyenne\/\" data-type=\"post\" data-id=\"8644\">Joskin Betimax RDS : la nouvelle r\u00e9f\u00e9rence de b\u00e9taill\u00e8re pour exploitations de taille moyenne<\/a><\/p>\n\n\n\n<h4 class=\"wp-block-heading\" id=\"la-decision-finale-facteurs-a-prendre-en-compte\">La d\u00e9cision finale : facteurs \u00e0 prendre en compte<\/h4>\n\n\n\n<p class=\"wp-block-paragraph\">En fin de compte, la d\u00e9cision de semer d\u00e9pendra du contexte m\u00e9t\u00e9orologique des semaines pr\u00e9c\u00e9dentes et des pr\u00e9visions \u00e0 venir. Les agriculteurs doivent surveiller de pr\u00e8s les cumuls pluviom\u00e9triques depuis d\u00e9but juillet pour \u00e9valuer l&rsquo;\u00e9tat d&rsquo;humidit\u00e9 du sol.<\/p>\n\n\n\n<p class=\"wp-block-paragraph\">Enfin, il est important de noter que les cartes de probabilit\u00e9 de pr\u00e9cipitation mises \u00e0 jour quotidiennement peuvent fournir des informations pr\u00e9cieuses pour ajuster la strat\u00e9gie de semis. En combinant ces donn\u00e9es avec une analyse attentive de votre sol et des conditions locales, vous serez mieux \u00e9quip\u00e9 pour d\u00e9cider du moment id\u00e9al pour semer votre colza en 2025.<\/p>\n\n\n\n<p class=\"wp-block-paragraph\">Le colza est une culture strat\u00e9gique, et chaque ann\u00e9e apporte son lot de d\u00e9fis. En suivant ces recommandations et en restant vigilant quant aux conditions climatiques, vous maximiserez vos chances de r\u00e9ussir une r\u00e9colte abondante et de qualit\u00e9.<\/p>\n\n\n\n<p class=\"wp-block-paragraph\"><a href=\"https:\/\/www.lagriculteur.fr\/\">Retrouvez l&rsquo;ensemble de nos pi\u00e8ces agricoles sur notre boutique.<\/a><\/p>\n","protected":false},"excerpt":{"rendered":"<p>Alors que nous nous approchons de la saison de semis du colza pour 2025, de nombreux agriculteurs se demandent quand et comment semer leurs cultures pour maximiser le rendement tout en minimisant les risques. Cette ann\u00e9e, les conditions climatiques et les dynamiques d&rsquo;insectes d&rsquo;automne rendent la prise de d\u00e9cision cruciale. Voici un guide pour vous [&hellip;]<\/p>\n","protected":false},"author":6,"featured_media":7170,"comment_status":"open","ping_status":"open","sticky":false,"template":"","format":"standard","meta":{"_acf_changed":false,"_seopress_titles_title":"","_seopress_titles_desc":"","_seopress_robots_index":"","_seopress_robots_follow":"","_seopress_robots_imageindex":"","_seopress_robots_snippet":"","_seopress_robots_primary_cat":"none","_seopress_robots_breadcrumbs":"","_seopress_robots_freeze_modified_date":"","_seopress_robots_custom_modified_date":"","_seopress_robots_canonical":"","_seopress_social_fb_title":"","_seopress_social_fb_desc":"","_seopress_social_fb_img":"","_seopress_social_fb_img_attachment_id":0,"_seopress_social_fb_img_width":0,"_seopress_social_fb_img_height":0,"_seopress_social_twitter_title":"","_seopress_social_twitter_desc":"","_seopress_social_twitter_img":"","_seopress_social_twitter_img_attachment_id":0,"_seopress_social_twitter_img_width":0,"_seopress_social_twitter_img_height":0,"_seopress_redirections_value":"","_seopress_redirections_enabled":"","_seopress_redirections_enabled_regex":"","_seopress_redirections_logged_status":"both","_seopress_redirections_param":"","_seopress_redirections_type":301,"_seopress_analysis_target_kw":"","_seopress_news_disabled":"","_seopress_video_disabled":"","_seopress_video":[],"_seopress_pro_schemas_manual":[],"_seopress_pro_rich_snippets_disable_all":"","_seopress_pro_rich_snippets_disable":[],"_seopress_pro_schemas":[],"_gspb_post_css":"","footnotes":""},"categories":[364],"tags":[],"libelle":[],"class_list":["post-8609","post","type-post","status-publish","format-standard","has-post-thumbnail","category-culture"],"blocksy_meta":{"styles_descriptor":{"styles":{"desktop":"","tablet":"","mobile":""},"google_fonts":[],"version":7}},"acf":[],"_links":{"self":[{"href":"https:\/\/www.lagriculteur.fr\/blog\/wp-json\/wp\/v2\/posts\/8609","targetHints":{"allow":["GET"]}}],"collection":[{"href":"https:\/\/www.lagriculteur.fr\/blog\/wp-json\/wp\/v2\/posts"}],"about":[{"href":"https:\/\/www.lagriculteur.fr\/blog\/wp-json\/wp\/v2\/types\/post"}],"author":[{"embeddable":true,"href":"https:\/\/www.lagriculteur.fr\/blog\/wp-json\/wp\/v2\/users\/6"}],"replies":[{"embeddable":true,"href":"https:\/\/www.lagriculteur.fr\/blog\/wp-json\/wp\/v2\/comments?post=8609"}],"version-history":[{"count":3,"href":"https:\/\/www.lagriculteur.fr\/blog\/wp-json\/wp\/v2\/posts\/8609\/revisions"}],"predecessor-version":[{"id":8691,"href":"https:\/\/www.lagriculteur.fr\/blog\/wp-json\/wp\/v2\/posts\/8609\/revisions\/8691"}],"wp:featuredmedia":[{"embeddable":true,"href":"https:\/\/www.lagriculteur.fr\/blog\/wp-json\/wp\/v2\/media\/7170"}],"wp:attachment":[{"href":"https:\/\/www.lagriculteur.fr\/blog\/wp-json\/wp\/v2\/media?parent=8609"}],"wp:term":[{"taxonomy":"category","embeddable":true,"href":"https:\/\/www.lagriculteur.fr\/blog\/wp-json\/wp\/v2\/categories?post=8609"},{"taxonomy":"post_tag","embeddable":true,"href":"https:\/\/www.lagriculteur.fr\/blog\/wp-json\/wp\/v2\/tags?post=8609"},{"taxonomy":"libelle","embeddable":true,"href":"https:\/\/www.lagriculteur.fr\/blog\/wp-json\/wp\/v2\/libelle?post=8609"}],"curies":[{"name":"wp","href":"https:\/\/api.w.org\/{rel}","templated":true}]}}