{"id":8851,"date":"2026-01-06T08:52:43","date_gmt":"2026-01-06T07:52:43","guid":{"rendered":"https:\/\/www.lagriculteur.fr\/blog\/?p=8851"},"modified":"2026-01-06T09:26:41","modified_gmt":"2026-01-06T08:26:41","slug":"planifier-sa-saison-agricole-des-janvier-etapes-cles-pour-optimiser-son-exploitation","status":"publish","type":"post","link":"https:\/\/www.lagriculteur.fr\/blog\/planifier-sa-saison-agricole-des-janvier-etapes-cles-pour-optimiser-son-exploitation\/","title":{"rendered":"Planifier sa saison agricole d\u00e8s janvier : \u00e9tapes cl\u00e9s pour optimiser son exploitation"},"content":{"rendered":"\n<h3 class=\"wp-block-heading\" id=\"janvier-le-point-de-depart-d-une-saison-reussie\">Janvier, le point de d\u00e9part d\u2019une saison r\u00e9ussie<\/h3>\n\n\n\n<p class=\"wp-block-paragraph\">En agriculture, une saison ne se joue pas uniquement au moment des semis ou des r\u00e9coltes. Elle se pr\u00e9pare bien en amont. Le mois de janvier, souvent per\u00e7u comme une p\u00e9riode plus calme sur le terrain, est en r\u00e9alit\u00e9 un moment strat\u00e9gique pour les agriculteurs. C\u2019est le temps de la r\u00e9flexion, de l\u2019anticipation et de la structuration. Une bonne planification hivernale conditionne largement la performance technique, \u00e9conomique et environnementale de l\u2019exploitation tout au long de l\u2019ann\u00e9e.<\/p>\n\n\n\n<p class=\"wp-block-paragraph\">Planifier sa saison agricole d\u00e8s janvier permet d\u2019optimiser les choix culturaux, de mieux g\u00e9rer les ressources, de limiter les impr\u00e9vus et de gagner en s\u00e9r\u00e9nit\u00e9 au moment des pics de travail. Dans un contexte marqu\u00e9 par l\u2019incertitude climatique, la volatilit\u00e9 des march\u00e9s et l\u2019\u00e9volution constante des r\u00e9glementations, cette phase de pr\u00e9paration devient indispensable.<\/p>\n\n\n\n<p class=\"wp-block-paragraph\">Dans cet article, nous d\u00e9taillons les principales \u00e9tapes pour planifier efficacement sa saison agricole d\u00e8s le d\u00e9but de l\u2019ann\u00e9e.<\/p>\n\n\n<div class=\"pswp-if-wrp\"><iframe src=\"https:\/\/www.lagriculteur.fr\/module\/prestawp\/products?1&category_ids=2450&limit=3&limit_mobile=1&order_by=rand&pswp_blank=1&content_only=1&isolang=fr\" class=\"pswp-iframe\" frameborder=\"0\" scrolling=\"no\" onload=\"pswp_hideLoader(this)\"><\/iframe><\/div>\n\n\n\n<h2 class=\"wp-block-heading\" id=\"une-tension-croissante-sur-l-offre-mondiale\"><strong>Faire le bilan de la saison pr\u00e9c\u00e9dente avant de se projeter<\/strong><\/h2>\n\n\n\n<h3 class=\"wp-block-heading\" id=\"analyser-les-resultats-techniques\">Analyser les r\u00e9sultats techniques<\/h3>\n\n\n\n<p class=\"wp-block-paragraph\">Avant de regarder vers l\u2019avenir, il est essentiel de tirer les enseignements de l\u2019ann\u00e9e \u00e9coul\u00e9e. Cette analyse technique constitue la base d\u2019une planification coh\u00e9rente. Elle concerne l\u2019ensemble des productions de l\u2019exploitation. Pour les cultures, cela passe par l\u2019\u00e9tude des rendements, de la qualit\u00e9 des r\u00e9coltes, des dates d\u2019intervention, de l\u2019\u00e9tat sanitaire et de l\u2019efficacit\u00e9 des itin\u00e9raires techniques. En \u00e9levage, l\u2019analyse portera sur les performances zootechniques, la sant\u00e9 du troupeau, la reproduction, l\u2019alimentation et le bien-\u00eatre animal.<\/p>\n\n\n\n<p class=\"wp-block-paragraph\">Comparer les r\u00e9sultats obtenus avec les objectifs initiaux permet d\u2019identifier les pratiques \u00e0 conserver et celles \u00e0 am\u00e9liorer.<\/p>\n\n\n\n<figure class=\"wp-block-image size-large\"><img loading=\"lazy\" decoding=\"async\" width=\"1024\" height=\"682\" src=\"https:\/\/www.lagriculteur.fr\/blog\/wp-content\/uploads\/2026\/01\/agriculture-hiver-1-1024x682.jpg\" alt=\"agriculture hiver\" class=\"wp-image-8855\" srcset=\"https:\/\/www.lagriculteur.fr\/blog\/wp-content\/uploads\/2026\/01\/agriculture-hiver-1-1024x682.jpg 1024w, https:\/\/www.lagriculteur.fr\/blog\/wp-content\/uploads\/2026\/01\/agriculture-hiver-1-300x200.jpg 300w, https:\/\/www.lagriculteur.fr\/blog\/wp-content\/uploads\/2026\/01\/agriculture-hiver-1-768x512.jpg 768w, https:\/\/www.lagriculteur.fr\/blog\/wp-content\/uploads\/2026\/01\/agriculture-hiver-1.jpg 1280w\" sizes=\"auto, (max-width: 1024px) 100vw, 1024px\" \/><\/figure>\n\n\n\n<h3 class=\"wp-block-heading\" id=\"evaluer-l-impact-des-aleas-climatiques\">\u00c9valuer l\u2019impact des al\u00e9as climatiques<\/h3>\n\n\n\n<p class=\"wp-block-paragraph\">Les conditions m\u00e9t\u00e9orologiques jouent un r\u00f4le majeur dans la r\u00e9ussite d\u2019une saison agricole. S\u00e9cheresse, exc\u00e8s d\u2019eau, gel ou \u00e9pisodes de chaleur extr\u00eame influencent directement les performances. En janvier, il est pertinent de revenir sur ces \u00e9v\u00e9nements afin d\u2019\u00e9valuer la capacit\u00e9 de l\u2019exploitation \u00e0 y faire face.<\/p>\n\n\n\n<p class=\"wp-block-paragraph\">Cette r\u00e9flexion aide \u00e0 ajuster les choix futurs : s\u00e9lection vari\u00e9tale plus r\u00e9sistante, modification des dates de semis, diversification des cultures ou adaptation des pratiques d\u2019irrigation.<\/p>\n\n\n\n<h2 class=\"wp-block-heading\" id=\"une-tension-croissante-sur-l-offre-mondiale\"><strong>D\u00e9finir des objectifs clairs pour la nouvelle saison<\/strong><\/h2>\n\n\n\n<h3 class=\"wp-block-heading\" id=\"fixer-des-objectifs-techniques-realistes\">Fixer des objectifs techniques r\u00e9alistes<\/h3>\n\n\n\n<p class=\"wp-block-paragraph\">La planification passe par la d\u00e9finition d\u2019objectifs pr\u00e9cis et atteignables. Ceux-ci doivent \u00eatre adapt\u00e9s au contexte de l\u2019exploitation, \u00e0 ses moyens humains et mat\u00e9riels, ainsi qu\u2019aux contraintes locales. Les objectifs techniques peuvent concerner :<\/p>\n\n\n\n<ul class=\"wp-block-list\">\n<li>L\u2019am\u00e9lioration des rendements<\/li>\n\n\n\n<li>La r\u00e9duction des intrants<\/li>\n\n\n\n<li>L\u2019am\u00e9lioration de la qualit\u00e9 des productions<\/li>\n\n\n\n<li>La ma\u00eetrise des adventices ou des maladies<\/li>\n<\/ul>\n\n\n\n<p class=\"wp-block-paragraph\">Ces objectifs servent de fil conducteur pour orienter les choix techniques de la saison.<\/p>\n\n\n\n<h3 class=\"wp-block-heading\" id=\"integrer-les-objectifs-economiques\">Int\u00e9grer les objectifs \u00e9conomiques<\/h3>\n\n\n\n<p class=\"wp-block-paragraph\">Au-del\u00e0 de la technique, la viabilit\u00e9 \u00e9conomique reste au c\u0153ur des pr\u00e9occupations agricoles. En janvier, il est essentiel d\u2019int\u00e9grer une r\u00e9flexion \u00e9conomique globale : estimation des charges, pr\u00e9vision des marges, analyse des investissements envisag\u00e9s. Cette approche permet d\u2019arbitrer certains choix, comme la diversification des productions, la contractualisation ou l\u2019orientation vers des fili\u00e8res sp\u00e9cifiques.<\/p>\n\n\n\n<h2 class=\"wp-block-heading\" id=\"choisir-ses-cultures-et-organiser-ses-rotations\">Choisir ses cultures et organiser ses rotations<\/h2>\n\n\n\n<h3 class=\"wp-block-heading\" id=\"adapter-les-assolements-au-contexte-local\">Adapter les assolements au contexte local<\/h3>\n\n\n\n<p class=\"wp-block-paragraph\">Le choix des cultures constitue une \u00e9tape d\u00e9terminante de la planification. Il d\u00e9pend de nombreux facteurs : type de sol, climat, d\u00e9bouch\u00e9s, contraintes r\u00e9glementaires et capacit\u00e9s de l\u2019exploitation. En janvier, il est temps de valider les assolements et de v\u00e9rifier leur coh\u00e9rence avec les rotations mises en place. Une rotation bien pens\u00e9e permet d\u2019am\u00e9liorer la fertilit\u00e9 des sols, de limiter les pressions parasitaires et de s\u00e9curiser les rendements.<\/p>\n\n\n\n<h3 class=\"wp-block-heading\" id=\"anticiper-la-gestion-des-sols\">Anticiper la gestion des sols<\/h3>\n\n\n\n<p class=\"wp-block-paragraph\">La gestion des sols est un levier majeur de performance durable. Couvertures v\u00e9g\u00e9tales, travail du sol, apport de mati\u00e8res organiques : ces d\u00e9cisions doivent \u00eatre anticip\u00e9es d\u00e8s l\u2019hiver. Janvier est une p\u00e9riode propice pour r\u00e9fl\u00e9chir \u00e0 la strat\u00e9gie de fertilisation et \u00e0 la protection de la structure du sol, en tenant compte des objectifs agronomiques et environnementaux.<\/p>\n\n\n\n<h2 class=\"wp-block-heading\" id=\"planifier-les-besoins-en-intrants-et-en-materiel\">Planifier les besoins en intrants et en mat\u00e9riel<\/h2>\n\n\n\n<h3 class=\"wp-block-heading\" id=\"anticiper-les-commandes-d-intrants\">Anticiper les commandes d\u2019intrants<\/h3>\n\n\n\n<p class=\"wp-block-paragraph\">Semences, engrais, produits de protection des cultures : planifier les besoins d\u00e8s janvier permet d\u2019\u00e9viter les ruptures d\u2019approvisionnement et de b\u00e9n\u00e9ficier de conditions d\u2019achat plus favorables. Cette anticipation contribue \u00e9galement \u00e0 une meilleure gestion des stocks et \u00e0 une utilisation plus raisonn\u00e9e des intrants.<\/p>\n\n\n\n<h3 class=\"wp-block-heading\" id=\"organiser-l-entretien-du-materiel\">Organiser l\u2019entretien du mat\u00e9riel<\/h3>\n\n\n\n<p class=\"wp-block-paragraph\">L\u2019hiver est la p\u00e9riode id\u00e9ale pour l\u2019entretien et la remise en \u00e9tat du mat\u00e9riel agricole. V\u00e9rifier les machines, planifier les r\u00e9parations et anticiper les \u00e9ventuels investissements permet de limiter les pannes en pleine saison. Une bonne organisation du parc mat\u00e9riel contribue directement \u00e0 la fluidit\u00e9 des travaux agricoles.<\/p>\n\n\n\n<figure class=\"wp-block-image size-large\"><img loading=\"lazy\" decoding=\"async\" width=\"1024\" height=\"768\" src=\"https:\/\/www.lagriculteur.fr\/blog\/wp-content\/uploads\/2026\/01\/agriculture-hiver-tracteur-1024x768.jpg\" alt=\"agriculture hiver tracteur\" class=\"wp-image-8856\" srcset=\"https:\/\/www.lagriculteur.fr\/blog\/wp-content\/uploads\/2026\/01\/agriculture-hiver-tracteur-1024x768.jpg 1024w, https:\/\/www.lagriculteur.fr\/blog\/wp-content\/uploads\/2026\/01\/agriculture-hiver-tracteur-300x225.jpg 300w, https:\/\/www.lagriculteur.fr\/blog\/wp-content\/uploads\/2026\/01\/agriculture-hiver-tracteur-768x576.jpg 768w, https:\/\/www.lagriculteur.fr\/blog\/wp-content\/uploads\/2026\/01\/agriculture-hiver-tracteur-1536x1152.jpg 1536w, https:\/\/www.lagriculteur.fr\/blog\/wp-content\/uploads\/2026\/01\/agriculture-hiver-tracteur.jpg 1920w\" sizes=\"auto, (max-width: 1024px) 100vw, 1024px\" \/><\/figure>\n\n\n\n<h2 class=\"wp-block-heading\" id=\"prendre-en-compte-les-aspects-reglementaires-et-administratifs\">Prendre en compte les aspects r\u00e9glementaires et administratifs<\/h2>\n\n\n\n<h3 class=\"wp-block-heading\" id=\"anticiper-les-obligations-reglementaires\">Anticiper les obligations r\u00e9glementaires<\/h3>\n\n\n\n<p class=\"wp-block-paragraph\">Les \u00e9volutions r\u00e9glementaires font partie int\u00e9grante du m\u00e9tier d\u2019agriculteur. D\u00e9clarations administratives, respect des normes environnementales, conditionnalit\u00e9 des aides : janvier est le moment opportun pour faire le point sur ces obligations. Cette anticipation \u00e9vite les oublis et permet de s\u00e9curiser l\u2019acc\u00e8s aux aides et subventions.<\/p>\n\n\n\n<h3 class=\"wp-block-heading\" id=\"mettre-a-jour-sa-gestion-administrative\">Mettre \u00e0 jour sa gestion administrative<\/h3>\n\n\n\n<p class=\"wp-block-paragraph\">Comptabilit\u00e9, assurances, contrats, suivi des donn\u00e9es : une gestion administrative \u00e0 jour facilite la prise de d\u00e9cision et renforce la visibilit\u00e9 sur la situation globale de l\u2019exploitation.<\/p>\n\n\n<div class=\"pswp-if-wrp\"><iframe src=\"https:\/\/www.lagriculteur.fr\/module\/prestawp\/products?1&category_ids=2447&limit=3&limit_mobile=1&order_by=rand&pswp_blank=1&content_only=1&isolang=fr\" class=\"pswp-iframe\" frameborder=\"0\" scrolling=\"no\" onload=\"pswp_hideLoader(this)\"><\/iframe><\/div>\n\n\n\n<h2 class=\"wp-block-heading\" id=\"anticiper-la-main-d-oeuvre-et-l-organisation-du-travail\">Anticiper la main-d\u2019\u0153uvre et l\u2019organisation du travail<\/h2>\n\n\n\n<h3 class=\"wp-block-heading\" id=\"planifier-les-periodes-de-forte-activite\">Planifier les p\u00e9riodes de forte activit\u00e9<\/h3>\n\n\n\n<p class=\"wp-block-paragraph\">La saison agricole est rythm\u00e9e par des pics de travail. Les anticiper d\u00e8s janvier permet de mieux organiser les ressources humaines et de limiter la pression en p\u00e9riode intense. Qu\u2019il s\u2019agisse de main-d\u2019\u0153uvre familiale, salari\u00e9e ou saisonni\u00e8re, une bonne planification am\u00e9liore les conditions de travail et la qualit\u00e9 des interventions.<\/p>\n\n\n\n<h3 class=\"wp-block-heading\" id=\"preserver-l-equilibre-humain\">Pr\u00e9server l\u2019\u00e9quilibre humain<\/h3>\n\n\n\n<p class=\"wp-block-paragraph\">La planification ne concerne pas uniquement les aspects techniques et \u00e9conomiques. Elle joue aussi un r\u00f4le essentiel dans la qualit\u00e9 de vie des agriculteurs. Anticiper, c\u2019est aussi se donner les moyens de travailler dans de meilleures conditions, avec moins de stress et plus de visibilit\u00e9.<\/p>\n\n\n\n<h2 class=\"wp-block-heading\" id=\"se-projeter-vers-les-evolutions-et-innovations-agricoles\">Se projeter vers les \u00e9volutions et innovations agricoles<\/h2>\n\n\n\n<h3 class=\"wp-block-heading\" id=\"integrer-les-transitions-agricoles\">Int\u00e9grer les transitions agricoles<\/h3>\n\n\n\n<p class=\"wp-block-paragraph\">Agro\u00e9cologie, agriculture de conservation, num\u00e9rique agricole : les \u00e9volutions du secteur offrent de nouvelles opportunit\u00e9s. Janvier est un moment privil\u00e9gi\u00e9 pour se former, s\u2019informer et r\u00e9fl\u00e9chir \u00e0 l\u2019int\u00e9gration progressive de nouvelles pratiques.<\/p>\n\n\n\n<h3 class=\"wp-block-heading\" id=\"adapter-son-exploitation-au-long-terme\">Adapter son exploitation au long terme<\/h3>\n\n\n\n<p class=\"wp-block-paragraph\">La planification annuelle peut \u00e9galement s\u2019inscrire dans une vision \u00e0 plus long terme. Transmission, diversification, investissements structurants : ces r\u00e9flexions strat\u00e9giques trouvent naturellement leur place en d\u00e9but d\u2019ann\u00e9e.<\/p>\n\n\n\n<h2 class=\"wp-block-heading\" id=\"janvier-un-investissement-pour-toute-l-annee\">Janvier, un investissement pour toute l\u2019ann\u00e9e<\/h2>\n\n\n\n<p class=\"wp-block-paragraph\">Planifier sa saison agricole d\u00e8s janvier est bien plus qu\u2019un simple exercice administratif. C\u2019est un v\u00e9ritable outil de pilotage qui permet d\u2019optimiser les performances de l\u2019exploitation, de s\u00e9curiser les choix techniques et \u00e9conomiques, et de mieux faire face aux al\u00e9as. En prenant le temps de r\u00e9fl\u00e9chir, d\u2019analyser et d\u2019anticiper, les agriculteurs posent les bases d\u2019une saison plus ma\u00eetris\u00e9e et plus sereine. Dans un contexte agricole en mutation, cette capacit\u00e9 \u00e0 planifier devient un atout majeur pour assurer la p\u00e9rennit\u00e9 et la r\u00e9silience des exploitations.<\/p>\n\n\n\n<p class=\"wp-block-paragraph\">Janvier n\u2019est donc pas un mois d\u2019attente, mais bien le point de d\u00e9part d\u2019une ann\u00e9e agricole r\u00e9ussie.<\/p>\n\n\n\n<figure class=\"wp-block-image size-large\"><img loading=\"lazy\" decoding=\"async\" width=\"1024\" height=\"681\" src=\"https:\/\/www.lagriculteur.fr\/blog\/wp-content\/uploads\/2026\/01\/agriculture-hiver-ferme-1024x681.jpg\" alt=\"agriculture hiver ferme\" class=\"wp-image-8857\" srcset=\"https:\/\/www.lagriculteur.fr\/blog\/wp-content\/uploads\/2026\/01\/agriculture-hiver-ferme-1024x681.jpg 1024w, https:\/\/www.lagriculteur.fr\/blog\/wp-content\/uploads\/2026\/01\/agriculture-hiver-ferme-300x199.jpg 300w, https:\/\/www.lagriculteur.fr\/blog\/wp-content\/uploads\/2026\/01\/agriculture-hiver-ferme-768x511.jpg 768w, https:\/\/www.lagriculteur.fr\/blog\/wp-content\/uploads\/2026\/01\/agriculture-hiver-ferme.jpg 1280w\" sizes=\"auto, (max-width: 1024px) 100vw, 1024px\" \/><\/figure>\n","protected":false},"excerpt":{"rendered":"<p>Janvier, le point de d\u00e9part d\u2019une saison r\u00e9ussie En agriculture, une saison ne se joue pas uniquement au moment des semis ou des r\u00e9coltes. Elle se pr\u00e9pare bien en amont. Le mois de janvier, souvent per\u00e7u comme une p\u00e9riode plus calme sur le terrain, est en r\u00e9alit\u00e9 un moment strat\u00e9gique pour les agriculteurs. C\u2019est le [&hellip;]<\/p>\n","protected":false},"author":7,"featured_media":8854,"comment_status":"open","ping_status":"open","sticky":false,"template":"","format":"standard","meta":{"_acf_changed":false,"_seopress_titles_title":"Planifier sa saison agricole d\u00e8s janvier.","_seopress_titles_desc":"En agriculture, une saison ne se joue pas uniquement au moment des semis ou des r\u00e9coltes. Elle se pr\u00e9pare bien en amont.","_seopress_robots_index":"","_seopress_robots_follow":"","_seopress_robots_imageindex":"","_seopress_robots_snippet":"","_seopress_robots_primary_cat":"none","_seopress_robots_breadcrumbs":"","_seopress_robots_freeze_modified_date":"","_seopress_robots_custom_modified_date":"","_seopress_robots_canonical":"","_seopress_social_fb_title":"","_seopress_social_fb_desc":"","_seopress_social_fb_img":"","_seopress_social_fb_img_attachment_id":0,"_seopress_social_fb_img_width":0,"_seopress_social_fb_img_height":0,"_seopress_social_twitter_title":"","_seopress_social_twitter_desc":"","_seopress_social_twitter_img":"","_seopress_social_twitter_img_attachment_id":0,"_seopress_social_twitter_img_width":0,"_seopress_social_twitter_img_height":0,"_seopress_redirections_value":"","_seopress_redirections_enabled":"","_seopress_redirections_enabled_regex":"","_seopress_redirections_logged_status":"both","_seopress_redirections_param":"","_seopress_redirections_type":301,"_seopress_analysis_target_kw":"Carbure de tungst\u00e8ne","_seopress_news_disabled":"","_seopress_video_disabled":"","_seopress_video":[],"_seopress_pro_schemas_manual":[],"_seopress_pro_rich_snippets_disable_all":"","_seopress_pro_rich_snippets_disable":[],"_seopress_pro_schemas":[],"_gspb_post_css":"","footnotes":""},"categories":[359,367],"tags":[],"libelle":[30],"class_list":["post-8851","post","type-post","status-publish","format-standard","has-post-thumbnail","category-actualites","category-saison","libelle-a-la-une"],"blocksy_meta":{"styles_descriptor":{"styles":{"desktop":"","tablet":"","mobile":""},"google_fonts":[],"version":7}},"acf":[],"_links":{"self":[{"href":"https:\/\/www.lagriculteur.fr\/blog\/wp-json\/wp\/v2\/posts\/8851","targetHints":{"allow":["GET"]}}],"collection":[{"href":"https:\/\/www.lagriculteur.fr\/blog\/wp-json\/wp\/v2\/posts"}],"about":[{"href":"https:\/\/www.lagriculteur.fr\/blog\/wp-json\/wp\/v2\/types\/post"}],"author":[{"embeddable":true,"href":"https:\/\/www.lagriculteur.fr\/blog\/wp-json\/wp\/v2\/users\/7"}],"replies":[{"embeddable":true,"href":"https:\/\/www.lagriculteur.fr\/blog\/wp-json\/wp\/v2\/comments?post=8851"}],"version-history":[{"count":10,"href":"https:\/\/www.lagriculteur.fr\/blog\/wp-json\/wp\/v2\/posts\/8851\/revisions"}],"predecessor-version":[{"id":8866,"href":"https:\/\/www.lagriculteur.fr\/blog\/wp-json\/wp\/v2\/posts\/8851\/revisions\/8866"}],"wp:featuredmedia":[{"embeddable":true,"href":"https:\/\/www.lagriculteur.fr\/blog\/wp-json\/wp\/v2\/media\/8854"}],"wp:attachment":[{"href":"https:\/\/www.lagriculteur.fr\/blog\/wp-json\/wp\/v2\/media?parent=8851"}],"wp:term":[{"taxonomy":"category","embeddable":true,"href":"https:\/\/www.lagriculteur.fr\/blog\/wp-json\/wp\/v2\/categories?post=8851"},{"taxonomy":"post_tag","embeddable":true,"href":"https:\/\/www.lagriculteur.fr\/blog\/wp-json\/wp\/v2\/tags?post=8851"},{"taxonomy":"libelle","embeddable":true,"href":"https:\/\/www.lagriculteur.fr\/blog\/wp-json\/wp\/v2\/libelle?post=8851"}],"curies":[{"name":"wp","href":"https:\/\/api.w.org\/{rel}","templated":true}]}}