{"id":8867,"date":"2026-01-06T10:08:33","date_gmt":"2026-01-06T09:08:33","guid":{"rendered":"https:\/\/www.lagriculteur.fr\/blog\/?p=8867"},"modified":"2026-01-06T10:51:29","modified_gmt":"2026-01-06T09:51:29","slug":"gestion-des-sols-en-hiver-pourquoi-et-comment-preparer-son-sol-pour-le-printemps","status":"publish","type":"post","link":"https:\/\/www.lagriculteur.fr\/blog\/gestion-des-sols-en-hiver-pourquoi-et-comment-preparer-son-sol-pour-le-printemps\/","title":{"rendered":"Gestion des sols en hiver : pourquoi et comment pr\u00e9parer son sol pour le printemps?"},"content":{"rendered":"\n<h3 class=\"wp-block-heading\" id=\"janvier-le-point-de-depart-d-une-saison-reussie\">L\u2019hiver, une p\u00e9riode cl\u00e9 pour la sant\u00e9 des sols<\/h3>\n\n\n\n<p class=\"wp-block-paragraph\">En agriculture, le sol est bien plus qu\u2019un simple support de culture. Il constitue un v\u00e9ritable \u00e9cosyst\u00e8me vivant, au c\u0153ur de la performance agronomique et \u00e9conomique des exploitations. Pourtant, la p\u00e9riode hivernale est encore trop souvent per\u00e7ue comme un temps d\u2019inactivit\u00e9 pour les sols. En r\u00e9alit\u00e9, l\u2019hiver joue un r\u00f4le d\u00e9terminant dans la pr\u00e9paration des parcelles pour la saison suivante.<\/p>\n\n\n\n<p class=\"wp-block-paragraph\">La gestion des sols en hiver conditionne directement la r\u00e9ussite des cultures de printemps. Protection contre l\u2019\u00e9rosion, maintien de la fertilit\u00e9, am\u00e9lioration de la structure et anticipation des interventions : autant d\u2019enjeux majeurs qui se jouent durant cette p\u00e9riode. Dans un contexte de changement climatique et de transition vers des pratiques plus durables, l\u2019attention port\u00e9e aux sols en hiver devient strat\u00e9gique.<\/p>\n\n\n\n<p class=\"wp-block-paragraph\">Cet article fait le point sur les raisons pour lesquelles la gestion hivernale des sols est essentielle et sur les principales pratiques \u00e0 mettre en \u0153uvre pour pr\u00e9parer efficacement son sol au printemps.<\/p>\n\n\n\n<hr class=\"wp-block-separator has-alpha-channel-opacity is-style-wide\" style=\"margin-top:var(--wp--preset--spacing--50);margin-bottom:var(--wp--preset--spacing--50)\"\/>\n\n\n\n<p class=\"wp-block-paragraph\"><strong>A d\u00e9couvrir sur notre boutique <\/strong><\/p>\n\n\n<div class=\"pswp-if-wrp\"><iframe src=\"https:\/\/www.lagriculteur.fr\/module\/prestawp\/products?1&category_ids=2453&limit=3&limit_mobile=1&order_by=rand&pswp_blank=1&content_only=1&isolang=fr\" class=\"pswp-iframe\" frameborder=\"0\" scrolling=\"no\" onload=\"pswp_hideLoader(this)\"><\/iframe><\/div>\n\n\n\n<hr class=\"wp-block-separator has-alpha-channel-opacity is-style-wide\" style=\"margin-top:var(--wp--preset--spacing--50);margin-bottom:var(--wp--preset--spacing--50)\"\/>\n\n\n\n<h2 class=\"wp-block-heading\" id=\"comprendre-le-role-du-sol-pendant-la-periode-hivernale\">Comprendre le r\u00f4le du sol pendant la p\u00e9riode hivernale<\/h2>\n\n\n\n<h3 class=\"wp-block-heading\" id=\"le-sol-un-milieu-vivant-meme-en-hiver\">Le sol, un milieu vivant m\u00eame en hiver<\/h3>\n\n\n\n<p class=\"wp-block-paragraph\">Contrairement aux id\u00e9es re\u00e7ues, le sol ne dort pas en hiver. M\u00eame lorsque les cultures sont absentes ou en repos v\u00e9g\u00e9tatif, la vie biologique du sol se poursuit. Micro-organismes, vers de terre et autres auxiliaires continuent leur activit\u00e9, bien que ralentie par le froid. Cette activit\u00e9 biologique joue un r\u00f4le fondamental dans la d\u00e9composition de la mati\u00e8re organique, la structuration du sol et la mise \u00e0 disposition progressive des \u00e9l\u00e9ments nutritifs. Une gestion adapt\u00e9e en hiver permet de pr\u00e9server cette dynamique et d\u2019en tirer profit au printemps.<\/p>\n\n\n\n<h3 class=\"wp-block-heading\" id=\"les-risques-encourus-par-un-sol-nu\">Les risques encourus par un sol nu<\/h3>\n\n\n\n<p class=\"wp-block-paragraph\">Un sol laiss\u00e9 nu durant l\u2019hiver est particuli\u00e8rement vuln\u00e9rable. Les pr\u00e9cipitations, le gel et le vent peuvent entra\u00eener :<\/p>\n\n\n\n<ul class=\"wp-block-list\">\n<li>Une \u00e9rosion accrue<\/li>\n\n\n\n<li>Un tassement de la structure<\/li>\n\n\n\n<li>Des pertes de nutriments par lessivage<\/li>\n\n\n\n<li>Une d\u00e9gradation de la vie biologique<\/li>\n<\/ul>\n\n\n\n<p class=\"wp-block-paragraph\">Ces ph\u00e9nom\u00e8nes ont des cons\u00e9quences directes sur la fertilit\u00e9 et la portance des sols, compliquant les interventions printani\u00e8res.<\/p>\n\n\n\n<h2 class=\"wp-block-heading\" id=\"proteger-le-sol-contre-l-erosion-et-le-lessivage\">Prot\u00e9ger le sol contre l\u2019\u00e9rosion et le lessivage<\/h2>\n\n\n\n<h3 class=\"wp-block-heading\" id=\"l-importance-de-la-couverture-du-sol\">L\u2019importance de la couverture du sol<\/h3>\n\n\n\n<p class=\"wp-block-paragraph\">La couverture du sol est l\u2019un des leviers les plus efficaces pour prot\u00e9ger les parcelles en hiver. R\u00e9sidus de culture, couverts v\u00e9g\u00e9taux ou prairies temporaires limitent l\u2019impact direct des pluies et r\u00e9duisent le ruissellement. En maintenant une couverture v\u00e9g\u00e9tale ou organique, l\u2019agriculteur pr\u00e9serve la structure du sol et limite les pertes d\u2019azote et d\u2019autres \u00e9l\u00e9ments nutritifs.<\/p>\n\n\n\n<h3 class=\"wp-block-heading\" id=\"reduire-les-pertes-de-nutriments\">R\u00e9duire les pertes de nutriments<\/h3>\n\n\n\n<p class=\"wp-block-paragraph\">Les sols nus sont particuli\u00e8rement expos\u00e9s au lessivage des nitrates pendant l\u2019hiver. Les couverts v\u00e9g\u00e9taux jouent ici un r\u00f4le de pi\u00e8ge \u00e0 nutriments, en absorbant l\u2019azote r\u00e9siduel et en le restituant progressivement lors de leur destruction. Cette pratique s\u2019inscrit pleinement dans une logique de fertilisation raisonn\u00e9e et de protection de l\u2019environnement.<\/p>\n\n\n\n<figure class=\"wp-block-image size-large\"><img loading=\"lazy\" decoding=\"async\" width=\"1024\" height=\"683\" src=\"https:\/\/www.lagriculteur.fr\/blog\/wp-content\/uploads\/2026\/01\/champ-enneige-avec-un-wagon-attache-a-une-moto-a-quatre-roues-1024x683.jpg\" alt=\"\" class=\"wp-image-8872\" srcset=\"https:\/\/www.lagriculteur.fr\/blog\/wp-content\/uploads\/2026\/01\/champ-enneige-avec-un-wagon-attache-a-une-moto-a-quatre-roues-1024x683.jpg 1024w, https:\/\/www.lagriculteur.fr\/blog\/wp-content\/uploads\/2026\/01\/champ-enneige-avec-un-wagon-attache-a-une-moto-a-quatre-roues-300x200.jpg 300w, https:\/\/www.lagriculteur.fr\/blog\/wp-content\/uploads\/2026\/01\/champ-enneige-avec-un-wagon-attache-a-une-moto-a-quatre-roues-768x512.jpg 768w, https:\/\/www.lagriculteur.fr\/blog\/wp-content\/uploads\/2026\/01\/champ-enneige-avec-un-wagon-attache-a-une-moto-a-quatre-roues-1536x1024.jpg 1536w, https:\/\/www.lagriculteur.fr\/blog\/wp-content\/uploads\/2026\/01\/champ-enneige-avec-un-wagon-attache-a-une-moto-a-quatre-roues-2048x1365.jpg 2048w\" sizes=\"auto, (max-width: 1024px) 100vw, 1024px\" \/><\/figure>\n\n\n\n<h2 class=\"wp-block-heading\" id=\"les-couverts-vegetaux-un-outil-central-de-la-gestion-hivernale\">Les couverts v\u00e9g\u00e9taux : un outil central de la gestion hivernale<\/h2>\n\n\n\n<h3 class=\"wp-block-heading\" id=\"choisir-des-couverts-adaptes\">Choisir des couverts adapt\u00e9s<\/h3>\n\n\n\n<p class=\"wp-block-paragraph\">Le choix des couverts v\u00e9g\u00e9taux d\u00e9pend de nombreux facteurs : type de sol, rotation culturale, objectifs agronomiques et contraintes climatiques. Certaines esp\u00e8ces sont privil\u00e9gi\u00e9es pour leur capacit\u00e9 \u00e0 structurer le sol, d\u2019autres pour leur rapidit\u00e9 de croissance ou leur aptitude \u00e0 fixer l\u2019azote. Les m\u00e9langes de couverts permettent souvent de combiner plusieurs fonctions : protection du sol, am\u00e9lioration de la fertilit\u00e9 et stimulation de la biodiversit\u00e9.<\/p>\n\n\n\n<h3 class=\"wp-block-heading\" id=\"gerer-la-destruction-des-couverts\">G\u00e9rer la destruction des couverts<\/h3>\n\n\n\n<p class=\"wp-block-paragraph\">La destruction des couverts v\u00e9g\u00e9taux est une \u00e9tape cl\u00e9 de la pr\u00e9paration du printemps. Elle doit \u00eatre anticip\u00e9e en fonction des conditions climatiques, du type de culture suivante et du mat\u00e9riel disponible. Une destruction ma\u00eetris\u00e9e permet d\u2019\u00e9viter les retards de semis et de valoriser au mieux la biomasse produite.<\/p>\n\n\n\n<h2 class=\"wp-block-heading\" id=\"le-travail-du-sol-en-hiver-prudence-et-reflexion\">Le travail du sol en hiver : prudence et r\u00e9flexion<\/h2>\n\n\n\n<h3 class=\"wp-block-heading\" id=\"limiter-les-interventions-mecaniques\">Limiter les interventions m\u00e9caniques<\/h3>\n\n\n\n<p class=\"wp-block-paragraph\">L\u2019hiver n\u2019est g\u00e9n\u00e9ralement pas la p\u00e9riode la plus favorable aux interventions m\u00e9caniques sur les sols. Les sols humides sont particuli\u00e8rement sensibles au tassement et \u00e0 la d\u00e9gradation de leur structure.<\/p>\n\n\n\n<p class=\"wp-block-paragraph\">R\u00e9duire le travail du sol en hiver permet de pr\u00e9server la porosit\u00e9 et d\u2019am\u00e9liorer la portance au printemps. Cette approche s\u2019inscrit dans les principes de l\u2019agriculture de conservation.<\/p>\n\n\n\n<h3 class=\"wp-block-heading\" id=\"adapter-les-pratiques-au-type-de-sol\">Adapter les pratiques au type de sol<\/h3>\n\n\n\n<p class=\"wp-block-paragraph\">Chaque sol r\u00e9agit diff\u00e9remment aux interventions hivernales. Les sols lourds sont plus sensibles au tassement, tandis que les sols l\u00e9gers peuvent \u00eatre plus expos\u00e9s \u00e0 l\u2019\u00e9rosion. Une bonne connaissance de ses parcelles permet d\u2019adapter les pratiques et d\u2019\u00e9viter les interventions \u00e0 risque.<\/p>\n\n\n\n<h2 class=\"wp-block-heading\" id=\"ameliorer-la-structure-et-la-fertilite-des-sols\">Am\u00e9liorer la structure et la fertilit\u00e9 des sols<\/h2>\n\n\n\n<h3 class=\"wp-block-heading\" id=\"apports-de-matiere-organique\">Apports de mati\u00e8re organique<\/h3>\n\n\n\n<p class=\"wp-block-paragraph\">L\u2019hiver peut \u00eatre une p\u00e9riode propice aux apports de mati\u00e8re organique, sous r\u00e9serve de respecter les conditions r\u00e9glementaires et agronomiques. Fumiers, composts ou r\u00e9sidus organiques contribuent \u00e0 am\u00e9liorer la structure du sol et \u00e0 nourrir la vie biologique.<\/p>\n\n\n\n<p class=\"wp-block-paragraph\">Ces apports doivent \u00eatre raisonn\u00e9s et int\u00e9gr\u00e9s dans une strat\u00e9gie globale de fertilisation.<\/p>\n\n\n\n<h3 class=\"wp-block-heading\" id=\"favoriser-l-activite-biologique\">Favoriser l\u2019activit\u00e9 biologique<\/h3>\n\n\n\n<p class=\"wp-block-paragraph\">Un sol vivant est un sol fertile. La pr\u00e9sence de mati\u00e8re organique, la limitation du travail du sol et la couverture v\u00e9g\u00e9tale sont autant de facteurs qui favorisent l\u2019activit\u00e9 biologique. Cette dynamique biologique am\u00e9liore la disponibilit\u00e9 des nutriments et la r\u00e9sistance du sol aux al\u00e9as climatiques.<\/p>\n\n\n<div class=\"pswp-if-wrp\"><iframe src=\"https:\/\/www.lagriculteur.fr\/module\/prestawp\/products?1&category_ids=2909&limit=3&limit_mobile=1&order_by=rand&pswp_blank=1&content_only=1&isolang=fr\" class=\"pswp-iframe\" frameborder=\"0\" scrolling=\"no\" onload=\"pswp_hideLoader(this)\"><\/iframe><\/div>\n\n\n\n<h2 class=\"wp-block-heading\" id=\"anticiper-les-interventions-de-printemps\">Anticiper les interventions de printemps<\/h2>\n\n\n\n<h3 class=\"wp-block-heading\" id=\"preparer-des-sols-portants-et-ressuyes\">Pr\u00e9parer des sols portants et ressuy\u00e9s<\/h3>\n\n\n\n<p class=\"wp-block-paragraph\">Une bonne gestion hivernale vise \u00e0 obtenir des sols capables de ressuyer rapidement au printemps. Cela facilite l\u2019acc\u00e8s aux parcelles et permet de respecter les fen\u00eatres d\u2019intervention. Un sol bien structur\u00e9 limite les risques de compaction et am\u00e9liore la qualit\u00e9 des semis.<\/p>\n\n\n\n<h3 class=\"wp-block-heading\" id=\"adapter-les-itineraires-techniques\">Adapter les itin\u00e9raires techniques<\/h3>\n\n\n\n<p class=\"wp-block-paragraph\">La gestion des sols en hiver doit \u00eatre pens\u00e9e en lien avec les cultures \u00e0 venir. Dates de semis, type de culture, besoins nutritionnels : tous ces \u00e9l\u00e9ments influencent les choix r\u00e9alis\u00e9s en amont. Anticiper ces param\u00e8tres permet de gagner en efficacit\u00e9 et en coh\u00e9rence.<\/p>\n\n\n\n<h2 class=\"wp-block-heading\" id=\"la-gestion-des-sols-en-hiver-face-aux-enjeux-climatiques\">La gestion des sols en hiver face aux enjeux climatiques<\/h2>\n\n\n\n<h3 class=\"wp-block-heading\" id=\"s-adapter-a-la-variabilite-climatique\">S\u2019adapter \u00e0 la variabilit\u00e9 climatique<\/h3>\n\n\n\n<p class=\"wp-block-paragraph\">Les hivers sont de plus en plus marqu\u00e9s par des \u00e9pisodes climatiques contrast\u00e9s : pluies intenses, redoux, gel tardif. Une gestion adapt\u00e9e des sols permet de mieux faire face \u00e0 cette variabilit\u00e9. La couverture des sols et la diversification des pratiques renforcent la r\u00e9silience des parcelles.<\/p>\n\n\n\n<h3 class=\"wp-block-heading\" id=\"vers-des-systemes-plus-durables\">Vers des syst\u00e8mes plus durables<\/h3>\n\n\n\n<p class=\"wp-block-paragraph\">La gestion hivernale des sols s\u2019inscrit pleinement dans une d\u00e9marche de durabilit\u00e9. Elle contribue \u00e0 la protection des ressources, \u00e0 la r\u00e9duction des intrants et \u00e0 l\u2019am\u00e9lioration des performances \u00e0 long terme. Ces pratiques r\u00e9pondent \u00e9galement aux attentes soci\u00e9tales et r\u00e9glementaires croissantes en mati\u00e8re d\u2019environnement.<\/p>\n\n\n\n<figure class=\"wp-block-image size-large\"><img loading=\"lazy\" decoding=\"async\" width=\"1024\" height=\"669\" src=\"https:\/\/www.lagriculteur.fr\/blog\/wp-content\/uploads\/2026\/01\/agriculture-hiver-tracteur-1-1024x669.jpg\" alt=\"agriculture hiver tracteur\" class=\"wp-image-8873\" srcset=\"https:\/\/www.lagriculteur.fr\/blog\/wp-content\/uploads\/2026\/01\/agriculture-hiver-tracteur-1-1024x669.jpg 1024w, https:\/\/www.lagriculteur.fr\/blog\/wp-content\/uploads\/2026\/01\/agriculture-hiver-tracteur-1-300x196.jpg 300w, https:\/\/www.lagriculteur.fr\/blog\/wp-content\/uploads\/2026\/01\/agriculture-hiver-tracteur-1-768x502.jpg 768w, https:\/\/www.lagriculteur.fr\/blog\/wp-content\/uploads\/2026\/01\/agriculture-hiver-tracteur-1.jpg 1280w\" sizes=\"auto, (max-width: 1024px) 100vw, 1024px\" \/><\/figure>\n\n\n\n<h2 class=\"wp-block-heading\" id=\"l-hiver-un-levier-strategique-pour-des-sols-performants\">L\u2019hiver, un levier strat\u00e9gique pour des sols performants<\/h2>\n\n\n\n<p class=\"wp-block-paragraph\">La gestion des sols en hiver est un pilier fondamental de la r\u00e9ussite agricole. Loin d\u2019\u00eatre une p\u00e9riode passive, l\u2019hiver offre de nombreuses opportunit\u00e9s pour prot\u00e9ger, am\u00e9liorer et pr\u00e9parer les sols en vue du printemps. Couverture v\u00e9g\u00e9tale, limitation du travail du sol, apports organiques raisonn\u00e9es et anticipation des interventions sont autant de leviers \u00e0 activer pour renforcer la fertilit\u00e9 et la r\u00e9silience des parcelles.<\/p>\n\n\n\n<p class=\"wp-block-paragraph\">En int\u00e9grant pleinement la gestion hivernale des sols dans leur strat\u00e9gie, les agriculteurs investissent durablement dans la performance de leurs exploitations et dans la pr\u00e9servation de leur principal outil de production : le sol.<\/p>\n","protected":false},"excerpt":{"rendered":"<p>L\u2019hiver, une p\u00e9riode cl\u00e9 pour la sant\u00e9 des sols En agriculture, le sol est bien plus qu\u2019un simple support de culture. Il constitue un v\u00e9ritable \u00e9cosyst\u00e8me vivant, au c\u0153ur de la performance agronomique et \u00e9conomique des exploitations. Pourtant, la p\u00e9riode hivernale est encore trop souvent per\u00e7ue comme un temps d\u2019inactivit\u00e9 pour les sols. En r\u00e9alit\u00e9, [&hellip;]<\/p>\n","protected":false},"author":7,"featured_media":8875,"comment_status":"open","ping_status":"open","sticky":false,"template":"","format":"standard","meta":{"_acf_changed":false,"_seopress_titles_title":"Planifier sa saison agricole d\u00e8s janvier","_seopress_titles_desc":"En agriculture, une saison ne se joue pas uniquement au moment des semis ou des r\u00e9coltes. Elle se pr\u00e9pare bien en amont. Le mois de janvier, souvent per\u00e7u comme une p\u00e9riode plus calme sur le terrain, est en r\u00e9alit\u00e9 un moment strat\u00e9gique pour les agriculteurs.","_seopress_robots_index":"","_seopress_robots_follow":"","_seopress_robots_imageindex":"","_seopress_robots_snippet":"","_seopress_robots_primary_cat":"none","_seopress_robots_breadcrumbs":"","_seopress_robots_freeze_modified_date":"","_seopress_robots_custom_modified_date":"","_seopress_robots_canonical":"","_seopress_social_fb_title":"","_seopress_social_fb_desc":"","_seopress_social_fb_img":"","_seopress_social_fb_img_attachment_id":0,"_seopress_social_fb_img_width":0,"_seopress_social_fb_img_height":0,"_seopress_social_twitter_title":"","_seopress_social_twitter_desc":"","_seopress_social_twitter_img":"","_seopress_social_twitter_img_attachment_id":0,"_seopress_social_twitter_img_width":0,"_seopress_social_twitter_img_height":0,"_seopress_redirections_value":"","_seopress_redirections_enabled":"","_seopress_redirections_enabled_regex":"","_seopress_redirections_logged_status":"both","_seopress_redirections_param":"","_seopress_redirections_type":301,"_seopress_analysis_target_kw":"Carbure de tungst\u00e8ne","_seopress_news_disabled":"","_seopress_video_disabled":"","_seopress_video":[],"_seopress_pro_schemas_manual":[],"_seopress_pro_rich_snippets_disable_all":"","_seopress_pro_rich_snippets_disable":[],"_seopress_pro_schemas":[],"_gspb_post_css":"","footnotes":""},"categories":[359,367],"tags":[],"libelle":[30],"class_list":["post-8867","post","type-post","status-publish","format-standard","has-post-thumbnail","category-actualites","category-saison","libelle-a-la-une"],"blocksy_meta":{"styles_descriptor":{"styles":{"desktop":"","tablet":"","mobile":""},"google_fonts":[],"version":7}},"acf":[],"_links":{"self":[{"href":"https:\/\/www.lagriculteur.fr\/blog\/wp-json\/wp\/v2\/posts\/8867","targetHints":{"allow":["GET"]}}],"collection":[{"href":"https:\/\/www.lagriculteur.fr\/blog\/wp-json\/wp\/v2\/posts"}],"about":[{"href":"https:\/\/www.lagriculteur.fr\/blog\/wp-json\/wp\/v2\/types\/post"}],"author":[{"embeddable":true,"href":"https:\/\/www.lagriculteur.fr\/blog\/wp-json\/wp\/v2\/users\/7"}],"replies":[{"embeddable":true,"href":"https:\/\/www.lagriculteur.fr\/blog\/wp-json\/wp\/v2\/comments?post=8867"}],"version-history":[{"count":15,"href":"https:\/\/www.lagriculteur.fr\/blog\/wp-json\/wp\/v2\/posts\/8867\/revisions"}],"predecessor-version":[{"id":8888,"href":"https:\/\/www.lagriculteur.fr\/blog\/wp-json\/wp\/v2\/posts\/8867\/revisions\/8888"}],"wp:featuredmedia":[{"embeddable":true,"href":"https:\/\/www.lagriculteur.fr\/blog\/wp-json\/wp\/v2\/media\/8875"}],"wp:attachment":[{"href":"https:\/\/www.lagriculteur.fr\/blog\/wp-json\/wp\/v2\/media?parent=8867"}],"wp:term":[{"taxonomy":"category","embeddable":true,"href":"https:\/\/www.lagriculteur.fr\/blog\/wp-json\/wp\/v2\/categories?post=8867"},{"taxonomy":"post_tag","embeddable":true,"href":"https:\/\/www.lagriculteur.fr\/blog\/wp-json\/wp\/v2\/tags?post=8867"},{"taxonomy":"libelle","embeddable":true,"href":"https:\/\/www.lagriculteur.fr\/blog\/wp-json\/wp\/v2\/libelle?post=8867"}],"curies":[{"name":"wp","href":"https:\/\/api.w.org\/{rel}","templated":true}]}}