{"id":8896,"date":"2026-01-10T09:44:38","date_gmt":"2026-01-10T08:44:38","guid":{"rendered":"https:\/\/www.lagriculteur.fr\/blog\/?p=8896"},"modified":"2026-01-10T09:48:01","modified_gmt":"2026-01-10T08:48:01","slug":"janvier-en-agriculture-enjeux-economiques-et-reglementaires-pour-les-agriculteurs","status":"publish","type":"post","link":"https:\/\/www.lagriculteur.fr\/blog\/janvier-en-agriculture-enjeux-economiques-et-reglementaires-pour-les-agriculteurs\/","title":{"rendered":"Janvier en agriculture : enjeux \u00e9conomiques et r\u00e9glementaires pour les agriculteurs"},"content":{"rendered":"\n<h2 class=\"wp-block-heading\" id=\"janvier-un-mois-strategique-au-dela-du-terrain\">Janvier, un mois strat\u00e9gique au-del\u00e0 du terrain<\/h2>\n\n\n\n<p class=\"wp-block-paragraph\">Si le mois de janvier est souvent associ\u00e9 \u00e0 une baisse d\u2019activit\u00e9 sur les parcelles, il constitue en r\u00e9alit\u00e9 une p\u00e9riode cruciale pour la gestion globale des exploitations agricoles. Loin des semis et des r\u00e9coltes, c\u2019est un temps fort pour analyser, anticiper et s\u00e9curiser l\u2019avenir \u00e9conomique et r\u00e9glementaire de l\u2019exploitation. Dans un contexte agricole marqu\u00e9 par l\u2019instabilit\u00e9 des march\u00e9s, l\u2019\u00e9volution constante des politiques publiques et une pression accrue sur les marges, janvier devient un mois cl\u00e9 pour prendre de la hauteur.<\/p>\n\n\n\n<p class=\"wp-block-paragraph\">Les d\u00e9cisions prises en d\u00e9but d\u2019ann\u00e9e influencent directement la rentabilit\u00e9, la conformit\u00e9 r\u00e9glementaire et la r\u00e9silience des exploitations. Comprendre les enjeux \u00e9conomiques et r\u00e9glementaires d\u00e8s janvier permet aux agriculteurs de mieux piloter leur activit\u00e9, d\u2019anticiper les risques et de saisir les opportunit\u00e9s. Cet article propose une analyse approfondie des principaux enjeux \u00e9conomiques et r\u00e9glementaires auxquels les agriculteurs doivent faire face en janvier, et des leviers \u00e0 activer pour aborder l\u2019ann\u00e9e avec m\u00e9thode et lucidit\u00e9.<\/p>\n\n\n\n<h2 class=\"wp-block-heading\" id=\"comprendre-le-contexte-economique-agricole-en-debut-d-annee\">Comprendre le contexte \u00e9conomique agricole en d\u00e9but d\u2019ann\u00e9e<\/h2>\n\n\n\n<h3 class=\"wp-block-heading\" id=\"une-volatilite-accrue-des-marches-agricoles\">Une volatilit\u00e9 accrue des march\u00e9s agricoles<\/h3>\n\n\n\n<p class=\"wp-block-paragraph\">Les march\u00e9s agricoles sont de plus en plus soumis \u00e0 de fortes variations. Les prix des c\u00e9r\u00e9ales, des ol\u00e9agineux, du lait ou de la viande \u00e9voluent rapidement sous l\u2019effet de multiples facteurs : contexte g\u00e9opolitique, conditions climatiques mondiales, fluctuations mon\u00e9taires et politiques commerciales internationales. Janvier est un moment privil\u00e9gi\u00e9 pour analyser les tendances de march\u00e9, prendre du recul sur les prix de l\u2019ann\u00e9e pr\u00e9c\u00e9dente et ajuster sa strat\u00e9gie commerciale. Cette analyse permet d\u2019arbitrer entre stockage, contractualisation ou vente imm\u00e9diate, en fonction des productions et des d\u00e9bouch\u00e9s.<\/p>\n\n\n\n<h3 class=\"wp-block-heading\" id=\"pression-sur-les-charges-de-production\">Pression sur les charges de production<\/h3>\n\n\n\n<p class=\"wp-block-paragraph\">L\u2019\u00e9volution des charges constitue un enjeu majeur pour la rentabilit\u00e9 des exploitations. \u00c9nergie, engrais, alimentation animale, carburants et mat\u00e9riel repr\u00e9sentent des postes de d\u00e9penses sensibles aux fluctuations \u00e9conomiques. En d\u00e9but d\u2019ann\u00e9e, il est essentiel de r\u00e9\u00e9valuer ces charges, d\u2019identifier les postes \u00e0 fort impact et d\u2019envisager des leviers d\u2019optimisation. La ma\u00eetrise des co\u00fbts devient un facteur cl\u00e9 de comp\u00e9titivit\u00e9, particuli\u00e8rement dans un contexte de marges tendues.<\/p>\n\n\n\n<hr class=\"wp-block-separator has-alpha-channel-opacity is-style-wide\" style=\"margin-top:var(--wp--preset--spacing--50);margin-bottom:var(--wp--preset--spacing--50)\"\/>\n\n\n\n<p class=\"wp-block-paragraph\"><strong>A d\u00e9couvrir sur notre boutique <\/strong><\/p>\n\n\n<div class=\"pswp-if-wrp\"><iframe src=\"https:\/\/www.lagriculteur.fr\/module\/prestawp\/products?1&category_ids=2453&limit=3&limit_mobile=1&order_by=rand&pswp_blank=1&content_only=1&isolang=fr\" class=\"pswp-iframe\" frameborder=\"0\" scrolling=\"no\" onload=\"pswp_hideLoader(this)\"><\/iframe><\/div>\n\n\n\n<hr class=\"wp-block-separator has-alpha-channel-opacity is-style-wide\" style=\"margin-top:var(--wp--preset--spacing--50);margin-bottom:var(--wp--preset--spacing--50)\"\/>\n\n\n\n<h2 class=\"wp-block-heading\" id=\"la-gestion-economique-de-l-exploitation-un-temps-fort-en-janvier\">La gestion \u00e9conomique de l\u2019exploitation : un temps fort en janvier<\/h2>\n\n\n\n<h3 class=\"wp-block-heading\" id=\"analyser-les-resultats-economiques-de-l-annee-ecoulee\">Analyser les r\u00e9sultats \u00e9conomiques de l\u2019ann\u00e9e \u00e9coul\u00e9e<\/h3>\n\n\n\n<p class=\"wp-block-paragraph\">Janvier est le moment id\u00e9al pour dresser un bilan \u00e9conomique pr\u00e9cis de l\u2019exploitation. Cette analyse repose sur plusieurs indicateurs : marges par atelier, charges op\u00e9rationnelles, charges de structure, niveau d\u2019endettement et capacit\u00e9 d\u2019autofinancement. Comprendre la r\u00e9partition des co\u00fbts et des revenus permet d\u2019identifier les ateliers les plus performants, mais aussi ceux qui fragilisent l\u2019\u00e9quilibre \u00e9conomique global. Cette d\u00e9marche constitue la base d\u2019une prise de d\u00e9cision \u00e9clair\u00e9e pour l\u2019ann\u00e9e \u00e0 venir.<\/p>\n\n\n\n<h3 class=\"wp-block-heading\" id=\"construire-un-previsionnel-realiste\">Construire un pr\u00e9visionnel r\u00e9aliste<\/h3>\n\n\n\n<p class=\"wp-block-paragraph\">\u00c0 partir du bilan, l\u2019\u00e9laboration d\u2019un pr\u00e9visionnel \u00e9conomique est une \u00e9tape d\u00e9terminante. Il s\u2019agit d\u2019anticiper les recettes et les charges, en int\u00e9grant diff\u00e9rents sc\u00e9narios de prix et de rendements.<\/p>\n\n\n\n<p class=\"wp-block-paragraph\">Ce travail prospectif permet de tester la robustesse \u00e9conomique de l\u2019exploitation face aux al\u00e9as et d\u2019anticiper les besoins de tr\u00e9sorerie. En janvier, ce pr\u00e9visionnel devient un v\u00e9ritable outil de pilotage.<\/p>\n\n\n\n<h2 class=\"wp-block-heading\" id=\"anticiper-les-investissements-et-arbitrer-les-priorites\">Anticiper les investissements et arbitrer les priorit\u00e9s<\/h2>\n\n\n\n<h3 class=\"wp-block-heading\" id=\"reflechir-aux-investissements-structurants\">R\u00e9fl\u00e9chir aux investissements structurants<\/h3>\n\n\n\n<p class=\"wp-block-paragraph\">Les d\u00e9cisions d\u2019investissement engagent l\u2019exploitation sur le long terme. Mat\u00e9riel, b\u00e2timents, \u00e9quipements num\u00e9riques ou solutions d\u2019\u00e9conomie d\u2019\u00e9nergie : ces choix doivent \u00eatre m\u00fbrement r\u00e9fl\u00e9chis. Janvier offre le recul n\u00e9cessaire pour analyser la pertinence des investissements envisag\u00e9s, en tenant compte de leur rentabilit\u00e9, de leur impact sur les charges et de leur coh\u00e9rence avec la strat\u00e9gie globale de l\u2019exploitation.<\/p>\n\n\n\n<h3 class=\"wp-block-heading\" id=\"integrer-les-aides-et-dispositifs-de-financement\">Int\u00e9grer les aides et dispositifs de financement<\/h3>\n\n\n\n<p class=\"wp-block-paragraph\">De nombreux investissements peuvent b\u00e9n\u00e9ficier de dispositifs d\u2019aide ou de subventions. Identifier ces opportunit\u00e9s d\u00e8s janvier permet d\u2019optimiser les plans de financement et de s\u00e9curiser les projets. Une veille active sur les dispositifs existants est indispensable pour ne pas passer \u00e0 c\u00f4t\u00e9 de leviers financiers importants.<\/p>\n\n\n\n<figure class=\"wp-block-image size-large\"><img loading=\"lazy\" decoding=\"async\" width=\"1024\" height=\"683\" src=\"https:\/\/www.lagriculteur.fr\/blog\/wp-content\/uploads\/2026\/01\/champ-janvier-1024x683.jpg\" alt=\"champ janvier\" class=\"wp-image-8903\" srcset=\"https:\/\/www.lagriculteur.fr\/blog\/wp-content\/uploads\/2026\/01\/champ-janvier-1024x683.jpg 1024w, https:\/\/www.lagriculteur.fr\/blog\/wp-content\/uploads\/2026\/01\/champ-janvier-300x200.jpg 300w, https:\/\/www.lagriculteur.fr\/blog\/wp-content\/uploads\/2026\/01\/champ-janvier-768x512.jpg 768w, https:\/\/www.lagriculteur.fr\/blog\/wp-content\/uploads\/2026\/01\/champ-janvier-1536x1024.jpg 1536w, https:\/\/www.lagriculteur.fr\/blog\/wp-content\/uploads\/2026\/01\/champ-janvier.jpg 1920w\" sizes=\"auto, (max-width: 1024px) 100vw, 1024px\" \/><\/figure>\n\n\n\n<h2 class=\"wp-block-heading\" id=\"les-enjeux-reglementaires-un-cadre-en-constante-evolution\">Les enjeux r\u00e9glementaires : un cadre en constante \u00e9volution<\/h2>\n\n\n\n<h3 class=\"wp-block-heading\" id=\"la-complexite-croissante-des-normes-agricoles\">La complexit\u00e9 croissante des normes agricoles<\/h3>\n\n\n\n<p class=\"wp-block-paragraph\">Le cadre r\u00e9glementaire agricole \u00e9volue r\u00e9guli\u00e8rement, avec des exigences accrues en mati\u00e8re d\u2019environnement, de tra\u00e7abilit\u00e9, de bien-\u00eatre animal et de s\u00e9curit\u00e9 sanitaire. Ces normes, bien qu\u2019indispensables, repr\u00e9sentent une contrainte organisationnelle et administrative pour les exploitations.<\/p>\n\n\n\n<p class=\"wp-block-paragraph\">Janvier est une p\u00e9riode propice pour faire le point sur les obligations en vigueur et anticiper les \u00e9volutions \u00e0 venir. Cette d\u00e9marche permet d\u2019\u00e9viter les non-conformit\u00e9s et les sanctions.<\/p>\n\n\n\n<h3 class=\"wp-block-heading\" id=\"anticiper-les-declarations-et-obligations-administratives\">Anticiper les d\u00e9clarations et obligations administratives<\/h3>\n\n\n\n<p class=\"wp-block-paragraph\">D\u00e9clarations de surfaces, respect des conditionnalit\u00e9s, suivi des cahiers d\u2019enregistrement : la gestion administrative fait partie int\u00e9grante du m\u00e9tier d\u2019agriculteur. Anticiper ces obligations d\u00e8s janvier permet de r\u00e9partir la charge de travail et de s\u00e9curiser l\u2019acc\u00e8s aux aides et soutiens publics.<\/p>\n\n\n\n<h2 class=\"wp-block-heading\" id=\"les-aides-agricoles-comprendre-et-securiser-ses-droits\">Les aides agricoles : comprendre et s\u00e9curiser ses droits<\/h2>\n\n\n\n<h3 class=\"wp-block-heading\" id=\"les-aides-comme-levier-de-stabilite-economique\">Les aides comme levier de stabilit\u00e9 \u00e9conomique<\/h3>\n\n\n\n<p class=\"wp-block-paragraph\">Les aides publiques jouent un r\u00f4le majeur dans l\u2019\u00e9quilibre \u00e9conomique de nombreuses exploitations. Elles contribuent \u00e0 la stabilit\u00e9 des revenus et soutiennent certaines orientations techniques ou environnementales. Janvier est le moment opportun pour analyser la part des aides dans le revenu global de l\u2019exploitation et s\u2019assurer du respect des crit\u00e8res d\u2019\u00e9ligibilit\u00e9.<\/p>\n\n\n\n<h3 class=\"wp-block-heading\" id=\"adapter-sa-strategie-aux-dispositifs-existants\">Adapter sa strat\u00e9gie aux dispositifs existants<\/h3>\n\n\n\n<p class=\"wp-block-paragraph\">Les dispositifs d\u2019aide \u00e9voluent r\u00e9guli\u00e8rement et orientent parfois les choix techniques. Int\u00e9grer ces param\u00e8tres dans la strat\u00e9gie globale permet d\u2019aligner performance \u00e9conomique et conformit\u00e9 r\u00e9glementaire.<\/p>\n\n\n\n<h2 class=\"wp-block-heading\" id=\"faire-face-aux-enjeux-sociaux-et-humains\">Faire face aux enjeux sociaux et humains<\/h2>\n\n\n\n<h3 class=\"wp-block-heading\" id=\"gestion-de-la-main-d-oeuvre-et-conditions-de-travail\">Gestion de la main-d\u2019\u0153uvre et conditions de travail<\/h3>\n\n\n\n<p class=\"wp-block-paragraph\">Au-del\u00e0 des aspects \u00e9conomiques et r\u00e9glementaires, janvier est \u00e9galement un temps de r\u00e9flexion sur l\u2019organisation humaine de l\u2019exploitation. Gestion de la main-d\u2019\u0153uvre, conditions de travail, transmission des savoirs : ces enjeux influencent directement la p\u00e9rennit\u00e9 des structures agricoles.<\/p>\n\n\n\n<p class=\"wp-block-paragraph\">Anticiper les besoins humains et am\u00e9liorer l\u2019organisation contribue \u00e0 renforcer l\u2019attractivit\u00e9 du m\u00e9tier et la qualit\u00e9 de vie au travail.<\/p>\n\n\n\n<h3 class=\"wp-block-heading\" id=\"transmission-et-avenir-des-exploitations\">Transmission et avenir des exploitations<\/h3>\n\n\n\n<p class=\"wp-block-paragraph\">Pour de nombreux agriculteurs, la question de la transmission se pose \u00e0 moyen ou long terme. Janvier offre un cadre propice \u00e0 cette r\u00e9flexion strat\u00e9gique, en lien avec les aspects \u00e9conomiques, juridiques et humains.<\/p>\n\n\n\n<h2 class=\"wp-block-heading\" id=\"janvier-un-mois-cle-pour-renforcer-la-resilience-des-exploitations\">Janvier, un mois cl\u00e9 pour renforcer la r\u00e9silience des exploitations<\/h2>\n\n\n\n<h3 class=\"wp-block-heading\" id=\"piloter-plutot-que-subir\">Piloter plut\u00f4t que subir<\/h3>\n\n\n\n<p class=\"wp-block-paragraph\">Face \u00e0 l\u2019accumulation des contraintes \u00e9conomiques et r\u00e9glementaires, la capacit\u00e9 \u00e0 anticiper devient un facteur d\u00e9terminant. Janvier permet de passer d\u2019une posture r\u00e9active \u00e0 une approche plus strat\u00e9gique du pilotage de l\u2019exploitation.<\/p>\n\n\n\n<h3 class=\"wp-block-heading\" id=\"construire-une-vision-a-moyen-et-long-terme\">Construire une vision \u00e0 moyen et long terme<\/h3>\n\n\n\n<p class=\"wp-block-paragraph\">Au-del\u00e0 des d\u00e9cisions imm\u00e9diates, les r\u00e9flexions men\u00e9es en janvier participent \u00e0 la construction d\u2019une vision durable de l\u2019exploitation. Diversification, adaptation aux transitions agricoles, innovation : ces orientations prennent racine dans cette p\u00e9riode de recul.<\/p>\n\n\n\n<h2 class=\"wp-block-heading\" id=\"transformer-les-contraintes-en-leviers\">Transformer les contraintes en leviers<\/h2>\n\n\n\n<p class=\"wp-block-paragraph\">Les enjeux \u00e9conomiques et r\u00e9glementaires font d\u00e9sormais partie int\u00e9grante du quotidien des agriculteurs. Loin d\u2019\u00eatre de simples contraintes, ils peuvent devenir de v\u00e9ritables leviers de structuration et de performance lorsqu\u2019ils sont anticip\u00e9s et int\u00e9gr\u00e9s dans une strat\u00e9gie globale.<\/p>\n\n\n\n<p class=\"wp-block-paragraph\">Le mois de janvier offre un temps pr\u00e9cieux pour analyser, planifier et s\u00e9curiser l\u2019avenir de l\u2019exploitation. En s\u2019appropriant ces enjeux d\u00e8s le d\u00e9but de l\u2019ann\u00e9e, les agriculteurs se donnent les moyens de renforcer la r\u00e9silience \u00e9conomique, la conformit\u00e9 r\u00e9glementaire et la p\u00e9rennit\u00e9 de leur activit\u00e9.<\/p>\n\n\n\n<p class=\"wp-block-paragraph\">Janvier n\u2019est donc pas seulement un mois administratif : c\u2019est un moment cl\u00e9 pour reprendre la main sur la strat\u00e9gie de son exploitation agricole.<\/p>\n","protected":false},"excerpt":{"rendered":"<p>Janvier, un mois strat\u00e9gique au-del\u00e0 du terrain Si le mois de janvier est souvent associ\u00e9 \u00e0 une baisse d\u2019activit\u00e9 sur les parcelles, il constitue en r\u00e9alit\u00e9 une p\u00e9riode cruciale pour la gestion globale des exploitations agricoles. Loin des semis et des r\u00e9coltes, c\u2019est un temps fort pour analyser, anticiper et s\u00e9curiser l\u2019avenir \u00e9conomique et r\u00e9glementaire [&hellip;]<\/p>\n","protected":false},"author":7,"featured_media":8901,"comment_status":"open","ping_status":"open","sticky":false,"template":"","format":"standard","meta":{"_acf_changed":false,"_seopress_titles_title":"Janvier : enjeux \u00e9conomiques et r\u00e9glementaires pour les agriculteurs","_seopress_titles_desc":"Si le mois de janvier est souvent associ\u00e9 \u00e0 une baisse d\u2019activit\u00e9, il constitue en r\u00e9alit\u00e9 une p\u00e9riode cruciale pour la gestion des exploitations agricoles.","_seopress_robots_index":"","_seopress_robots_follow":"","_seopress_robots_imageindex":"","_seopress_robots_snippet":"","_seopress_robots_primary_cat":"none","_seopress_robots_breadcrumbs":"","_seopress_robots_freeze_modified_date":"","_seopress_robots_custom_modified_date":"","_seopress_robots_canonical":"","_seopress_social_fb_title":"","_seopress_social_fb_desc":"","_seopress_social_fb_img":"","_seopress_social_fb_img_attachment_id":0,"_seopress_social_fb_img_width":0,"_seopress_social_fb_img_height":0,"_seopress_social_twitter_title":"","_seopress_social_twitter_desc":"","_seopress_social_twitter_img":"","_seopress_social_twitter_img_attachment_id":0,"_seopress_social_twitter_img_width":0,"_seopress_social_twitter_img_height":0,"_seopress_redirections_value":"","_seopress_redirections_enabled":"","_seopress_redirections_enabled_regex":"","_seopress_redirections_logged_status":"both","_seopress_redirections_param":"","_seopress_redirections_type":301,"_seopress_analysis_target_kw":"","_seopress_news_disabled":"","_seopress_video_disabled":"","_seopress_video":[],"_seopress_pro_schemas_manual":[],"_seopress_pro_rich_snippets_disable_all":"","_seopress_pro_rich_snippets_disable":[],"_seopress_pro_schemas":[],"_gspb_post_css":"","footnotes":""},"categories":[359],"tags":[],"libelle":[],"class_list":["post-8896","post","type-post","status-publish","format-standard","has-post-thumbnail","category-actualites"],"blocksy_meta":{"styles_descriptor":{"styles":{"desktop":"","tablet":"","mobile":""},"google_fonts":[],"version":7}},"acf":[],"_links":{"self":[{"href":"https:\/\/www.lagriculteur.fr\/blog\/wp-json\/wp\/v2\/posts\/8896","targetHints":{"allow":["GET"]}}],"collection":[{"href":"https:\/\/www.lagriculteur.fr\/blog\/wp-json\/wp\/v2\/posts"}],"about":[{"href":"https:\/\/www.lagriculteur.fr\/blog\/wp-json\/wp\/v2\/types\/post"}],"author":[{"embeddable":true,"href":"https:\/\/www.lagriculteur.fr\/blog\/wp-json\/wp\/v2\/users\/7"}],"replies":[{"embeddable":true,"href":"https:\/\/www.lagriculteur.fr\/blog\/wp-json\/wp\/v2\/comments?post=8896"}],"version-history":[{"count":5,"href":"https:\/\/www.lagriculteur.fr\/blog\/wp-json\/wp\/v2\/posts\/8896\/revisions"}],"predecessor-version":[{"id":8905,"href":"https:\/\/www.lagriculteur.fr\/blog\/wp-json\/wp\/v2\/posts\/8896\/revisions\/8905"}],"wp:featuredmedia":[{"embeddable":true,"href":"https:\/\/www.lagriculteur.fr\/blog\/wp-json\/wp\/v2\/media\/8901"}],"wp:attachment":[{"href":"https:\/\/www.lagriculteur.fr\/blog\/wp-json\/wp\/v2\/media?parent=8896"}],"wp:term":[{"taxonomy":"category","embeddable":true,"href":"https:\/\/www.lagriculteur.fr\/blog\/wp-json\/wp\/v2\/categories?post=8896"},{"taxonomy":"post_tag","embeddable":true,"href":"https:\/\/www.lagriculteur.fr\/blog\/wp-json\/wp\/v2\/tags?post=8896"},{"taxonomy":"libelle","embeddable":true,"href":"https:\/\/www.lagriculteur.fr\/blog\/wp-json\/wp\/v2\/libelle?post=8896"}],"curies":[{"name":"wp","href":"https:\/\/api.w.org\/{rel}","templated":true}]}}