{"id":8909,"date":"2026-02-09T17:33:15","date_gmt":"2026-02-09T16:33:15","guid":{"rendered":"https:\/\/www.lagriculteur.fr\/blog\/?p=8909"},"modified":"2026-02-10T09:19:29","modified_gmt":"2026-02-10T08:19:29","slug":"dnc-lespagne-rouvre-ses-frontieres-aux-bovins-vaccines-du-sud-ouest-une-bouffee-dair-pour-les-eleveurs","status":"publish","type":"post","link":"https:\/\/www.lagriculteur.fr\/blog\/dnc-lespagne-rouvre-ses-frontieres-aux-bovins-vaccines-du-sud-ouest-une-bouffee-dair-pour-les-eleveurs\/","title":{"rendered":"DNC : l\u2019Espagne rouvre ses fronti\u00e8res aux bovins vaccin\u00e9s du Sud-Ouest, une bouff\u00e9e d\u2019air pour les \u00e9leveurs"},"content":{"rendered":"\n<p class=\"wp-block-paragraph\">Bonne nouvelle pour les \u00e9leveurs bovins du Sud-Ouest : les exportations vers l\u2019Espagne vont pouvoir reprendre \u00e0 partir du mois de mars pour les animaux vaccin\u00e9s contre la dermatose nodulaire contagieuse (DNC). Une annonce tr\u00e8s attendue, apr\u00e8s plusieurs mois de blocages, de contraintes sanitaires et de pertes \u00e9conomiques sur les exploitations<\/p>\n\n\n\n<h2 class=\"wp-block-heading\" id=\"une-situation-qui-commencait-a-peser-lourd-sur-le-terrain\">Une situation qui commen\u00e7ait \u00e0 peser lourd sur le terrain<\/h2>\n\n\n\n<p class=\"wp-block-paragraph\">Depuis l\u2019apparition de la dermatose nodulaire contagieuse (DNC) \u00e0 l\u2019\u00e9t\u00e9 2025 dans l\u2019Est de la France, la fili\u00e8re bovine a d\u00fb s\u2019adapter dans l\u2019urgence. Tr\u00e8s rapidement, les mesures sont tomb\u00e9es : campagnes de vaccination massives, cr\u00e9ation de zones r\u00e9glement\u00e9es, interdictions de mouvements d\u2019animaux, contr\u00f4les sanitaires renforc\u00e9s.<\/p>\n\n\n\n<p class=\"wp-block-paragraph\">Sur le papier, la strat\u00e9gie \u00e9tait claire : stopper la propagation de la maladie et prot\u00e9ger les cheptels.<\/p>\n\n\n\n<p class=\"wp-block-paragraph\">Sur le terrain, la r\u00e9alit\u00e9 a \u00e9t\u00e9 bien diff\u00e9rente.<\/p>\n\n\n\n<p class=\"wp-block-paragraph\">Pour les \u00e9leveurs, ces d\u00e9cisions se sont traduites par des animaux bloqu\u00e9s, des plannings compl\u00e8tement boulevers\u00e9s et surtout des d\u00e9bouch\u00e9s commerciaux qui se sont ferm\u00e9s du jour au lendemain, en particulier \u00e0 l\u2019export. Par principe de pr\u00e9caution, plusieurs pays importateurs ont ferm\u00e9 leurs fronti\u00e8res, y compris lorsque la situation sanitaire locale \u00e9tait ma\u00eetris\u00e9e.<\/p>\n\n\n\n<h2 class=\"wp-block-heading\" id=\"le-sud-ouest-victime-collaterale-de-la-crise\">Le Sud-Ouest, victime collat\u00e9rale de la crise<\/h2>\n\n\n\n<p class=\"wp-block-paragraph\">Le Sud-Ouest s\u2019est retrouv\u00e9 dans une situation particuli\u00e8rement frustrante. Dans cette r\u00e9gion, aucun foyer de DNC n\u2019a \u00e9t\u00e9 d\u00e9tect\u00e9, mais une vaccination pr\u00e9ventive a tout de m\u00eame \u00e9t\u00e9 mise en place afin de cr\u00e9er un cordon sanitaire autour des zones touch\u00e9es.<\/p>\n\n\n\n<p class=\"wp-block-paragraph\">Une d\u00e9cision compr\u00e9hensible sur le plan sanitaire, mais lourde de cons\u00e9quences pour les exploitations.<\/p>\n\n\n\n<p class=\"wp-block-paragraph\">Cette vaccination pr\u00e9ventive a entra\u00een\u00e9 la perte du statut indemne, un \u00e9l\u00e9ment cl\u00e9 pour l\u2019exportation des bovins. R\u00e9sultat : des \u00e9leveurs qui respectaient toutes les r\u00e8gles se sont retrouv\u00e9s dans l\u2019impossibilit\u00e9 de vendre leurs animaux \u00e0 l\u2019\u00e9tranger, notamment vers l\u2019Espagne, pourtant deuxi\u00e8me march\u00e9 d\u2019exportation pour les bovins fran\u00e7ais.<\/p>\n\n\n\n<p class=\"wp-block-paragraph\">Concr\u00e8tement, sur les exploitations, cela s\u2019est traduit par :<\/p>\n\n\n\n<ul class=\"wp-block-list\">\n<li>des b\u00e2timents qui se remplissent<\/li>\n\n\n\n<li>des animaux qui restent plus longtemps que pr\u00e9vu<\/li>\n\n\n\n<li>des charges alimentaires qui augmentent<\/li>\n\n\n\n<li>une tr\u00e9sorerie mise \u00e0 rude \u00e9preuve<\/li>\n<\/ul>\n\n\n\n<p class=\"wp-block-paragraph\">Sur certains \u00e9levages, il a m\u00eame fallu revoir l\u2019organisation des lots dans l\u2019urgence, sans savoir quand la situation se d\u00e9bloquerait.<\/p>\n\n\n\n<h2 class=\"wp-block-heading\" id=\"un-accord-sanitaire-enfin-trouve-avec-l-espagne\"><strong>Un accord sanitaire enfin trouv\u00e9 avec l\u2019Espagne<\/strong><\/h2>\n\n\n\n<p class=\"wp-block-paragraph\">Apr\u00e8s plusieurs semaines de discussions, la ministre de l\u2019Agriculture, Annie Genevard, a annonc\u00e9 que l\u2019Espagne acceptait \u00e0 nouveau les bovins issus du cordon sanitaire du Sud-Ouest, sous conditions sanitaires strictes.<\/p>\n\n\n\n<p class=\"wp-block-paragraph\">Concr\u00e8tement, l\u2019accord entrera en vigueur \u00e0 partir du 10 mars, le temps de respecter le d\u00e9lai r\u00e9glementaire de 60 jours apr\u00e8s la vaccination pr\u00e9ventive. Un passage obligatoire pour garantir que l\u2019immunit\u00e9 collective est bien install\u00e9e avant tout mouvement d\u2019animaux.<\/p>\n\n\n\n<figure class=\"wp-block-image aligncenter size-large is-resized\"><img loading=\"lazy\" decoding=\"async\" width=\"1024\" height=\"905\" src=\"https:\/\/www.lagriculteur.fr\/blog\/wp-content\/uploads\/2026\/02\/img_0584-1024x905.jpeg\" alt=\"\" class=\"wp-image-8912\" style=\"aspect-ratio:1.131515051507508;width:493px;height:auto\" srcset=\"https:\/\/www.lagriculteur.fr\/blog\/wp-content\/uploads\/2026\/02\/img_0584-1024x905.jpeg 1024w, https:\/\/www.lagriculteur.fr\/blog\/wp-content\/uploads\/2026\/02\/img_0584-300x265.jpeg 300w, https:\/\/www.lagriculteur.fr\/blog\/wp-content\/uploads\/2026\/02\/img_0584-768x678.jpeg 768w, https:\/\/www.lagriculteur.fr\/blog\/wp-content\/uploads\/2026\/02\/img_0584.jpeg 1200w\" sizes=\"auto, (max-width: 1024px) 100vw, 1024px\" \/><figcaption class=\"wp-element-caption\"><em>Source image : Minist\u00e8re de l\u2019Agriculture, de l\u2019agro-alimentaire et de la souverainet\u00e9 alimentaire&nbsp;<\/em><br><\/figcaption><\/figure>\n\n\n\n<p class=\"wp-block-paragraph\">Voir aussi&nbsp;\u00bb <a href=\"https:\/\/www.lagriculteur.fr\/blog\/janvier-en-agriculture-enjeux-economiques-et-reglementaires-pour-les-agriculteurs\/\">Janvier en agriculture : enjeux \u00e9conomiques et r\u00e9glementaires pour les agriculteurs<\/a><\/p>\n\n\n\n<h2 class=\"wp-block-heading\" id=\"des-conditions-toujours-tres-encadrees\"><strong>Des conditions toujours tr\u00e8s encadr\u00e9es<\/strong><\/h2>\n\n\n\n<p class=\"wp-block-paragraph\">Attention toutefois : cette r\u00e9ouverture ne signifie pas un retour imm\u00e9diat \u00e0 la normale. Les exportations resteront soumises \u00e0 plusieurs exigences sanitaires, parmi lesquelles :<\/p>\n\n\n\n<ul class=\"wp-block-list\">\n<li>examen clinique des animaux avant d\u00e9part<\/li>\n\n\n\n<li>certificat sanitaire renforc\u00e9<\/li>\n\n\n\n<li>traitement des v\u00e9hicules de transport contre les insectes vecteurs (taons, mouches piqueuses)<\/li>\n\n\n\n<li>respect strict des zones vaccinales et des d\u00e9lais d\u2019immunit\u00e9<\/li>\n<\/ul>\n\n\n\n<p class=\"wp-block-paragraph\">Dans certains cas, l\u2019\u00e9ligibilit\u00e9 \u00e0 l\u2019export se joue commune par commune, ce qui impose encore beaucoup de vigilance et une bonne coordination avec les services v\u00e9t\u00e9rinaires.<\/p>\n\n\n\n<hr class=\"wp-block-separator has-alpha-channel-opacity is-style-wide\" style=\"margin-top:var(--wp--preset--spacing--50);margin-bottom:var(--wp--preset--spacing--50)\"\/>\n\n\n\n<p class=\"wp-block-paragraph\"><strong>A d\u00e9couvrir sur notre boutique <\/strong><\/p>\n\n\n<div class=\"pswp-if-wrp\"><iframe src=\"https:\/\/www.lagriculteur.fr\/module\/prestawp\/products?1&category_ids=2444&limit=3&limit_mobile=1&order_by=rand&pswp_blank=1&content_only=1&isolang=fr\" class=\"pswp-iframe\" frameborder=\"0\" scrolling=\"no\" onload=\"pswp_hideLoader(this)\"><\/iframe><\/div>\n\n\n\n<hr class=\"wp-block-separator has-alpha-channel-opacity is-style-wide\" style=\"margin-top:var(--wp--preset--spacing--50);margin-bottom:var(--wp--preset--spacing--50)\"\/>\n\n\n\n<h2 class=\"wp-block-heading\" id=\"une-vaccination-massive-qui-commence-a-porter-ses-fruits\"><strong>Une vaccination massive qui commence \u00e0 porter ses fruits<\/strong><\/h2>\n\n\n\n<p class=\"wp-block-paragraph\">Avec plus de 96 % des bovins vaccin\u00e9s dans le Sud-Ouest et aucun nouveau foyer d\u00e9tect\u00e9 depuis d\u00e9but janvier, la situation sanitaire s\u2019am\u00e9liore nettement. Les restrictions sont progressivement lev\u00e9es dans certaines zones, et la fili\u00e8re retrouve enfin un peu de visibilit\u00e9.<\/p>\n\n\n\n<p class=\"wp-block-paragraph\">La reprise des \u00e9changes avec l\u2019Espagne repr\u00e9sente donc un signal positif fort, en particulier pour les \u00e9leveurs de jeunes bovins fortement d\u00e9pendants de ce d\u00e9bouch\u00e9.<\/p>\n\n\n\n<h2 class=\"wp-block-heading\" id=\"et-maintenant-cap-sur-la-strategie-2026\"><strong>Et maintenant ? Cap sur la strat\u00e9gie 2026<\/strong><\/h2>\n\n\n\n<p class=\"wp-block-paragraph\">La prochaine \u00e9tape sera la d\u00e9finition de la strat\u00e9gie vaccinale pour 2026, avec une concertation annonc\u00e9e entre l\u2019\u00c9tat et les professionnels. L\u2019objectif est clair : \u00e9viter de revivre une crise similaire, tout en limitant au maximum les impacts \u00e9conomiques sur les exploitations.<\/p>\n\n\n\n<p class=\"wp-block-paragraph\">Pour rappel, la DNC est une maladie strictement animale, sans aucun risque pour l\u2019homme ni pour la consommation de viande ou de produits laitiers. Mais cette crise l\u2019a rappel\u00e9 \u00e0 tous : la gestion sanitaire fait d\u00e9sormais pleinement partie du quotidien des \u00e9leveurs, au m\u00eame titre que l\u2019alimentation, le mat\u00e9riel ou la logistique.<\/p>\n","protected":false},"excerpt":{"rendered":"<p>Bonne nouvelle pour les \u00e9leveurs bovins du Sud-Ouest : les exportations vers l\u2019Espagne vont pouvoir reprendre \u00e0 partir du mois de mars pour les animaux vaccin\u00e9s contre la dermatose nodulaire contagieuse (DNC). Une annonce tr\u00e8s attendue, apr\u00e8s plusieurs mois de blocages, de contraintes sanitaires et de pertes \u00e9conomiques sur les exploitations Une situation qui commen\u00e7ait [&hellip;]<\/p>\n","protected":false},"author":6,"featured_media":8930,"comment_status":"open","ping_status":"open","sticky":false,"template":"","format":"standard","meta":{"_acf_changed":false,"_seopress_titles_title":"DNC : l\u2019Espagne rouvre ses fronti\u00e8res aux bovins du Sud-Ouest","_seopress_titles_desc":"Apr\u00e8s la crise de la DNC, l\u2019Espagne rouvre ses fronti\u00e8res aux bovins vaccin\u00e9s. Conditions sanitaires, impacts concrets pour les \u00e9leveurs.","_seopress_robots_index":"","_seopress_robots_follow":"","_seopress_robots_imageindex":"","_seopress_robots_snippet":"","_seopress_robots_primary_cat":"none","_seopress_robots_breadcrumbs":"","_seopress_robots_freeze_modified_date":"","_seopress_robots_custom_modified_date":"","_seopress_robots_canonical":"","_seopress_social_fb_title":"","_seopress_social_fb_desc":"","_seopress_social_fb_img":"","_seopress_social_fb_img_attachment_id":0,"_seopress_social_fb_img_width":0,"_seopress_social_fb_img_height":0,"_seopress_social_twitter_title":"","_seopress_social_twitter_desc":"","_seopress_social_twitter_img":"","_seopress_social_twitter_img_attachment_id":0,"_seopress_social_twitter_img_width":0,"_seopress_social_twitter_img_height":0,"_seopress_redirections_value":"","_seopress_redirections_enabled":"","_seopress_redirections_enabled_regex":"","_seopress_redirections_logged_status":"both","_seopress_redirections_param":"","_seopress_redirections_type":301,"_seopress_analysis_target_kw":"","_seopress_news_disabled":"","_seopress_video_disabled":"","_seopress_video":[],"_seopress_pro_schemas_manual":[],"_seopress_pro_rich_snippets_disable_all":"","_seopress_pro_rich_snippets_disable":[],"_seopress_pro_schemas":[],"_gspb_post_css":"","footnotes":""},"categories":[359],"tags":[],"libelle":[30,34],"class_list":["post-8909","post","type-post","status-publish","format-standard","has-post-thumbnail","category-actualites","libelle-a-la-une","libelle-news"],"blocksy_meta":{"styles_descriptor":{"styles":{"desktop":"","tablet":"","mobile":""},"google_fonts":[],"version":7}},"acf":[],"_links":{"self":[{"href":"https:\/\/www.lagriculteur.fr\/blog\/wp-json\/wp\/v2\/posts\/8909","targetHints":{"allow":["GET"]}}],"collection":[{"href":"https:\/\/www.lagriculteur.fr\/blog\/wp-json\/wp\/v2\/posts"}],"about":[{"href":"https:\/\/www.lagriculteur.fr\/blog\/wp-json\/wp\/v2\/types\/post"}],"author":[{"embeddable":true,"href":"https:\/\/www.lagriculteur.fr\/blog\/wp-json\/wp\/v2\/users\/6"}],"replies":[{"embeddable":true,"href":"https:\/\/www.lagriculteur.fr\/blog\/wp-json\/wp\/v2\/comments?post=8909"}],"version-history":[{"count":8,"href":"https:\/\/www.lagriculteur.fr\/blog\/wp-json\/wp\/v2\/posts\/8909\/revisions"}],"predecessor-version":[{"id":8946,"href":"https:\/\/www.lagriculteur.fr\/blog\/wp-json\/wp\/v2\/posts\/8909\/revisions\/8946"}],"wp:featuredmedia":[{"embeddable":true,"href":"https:\/\/www.lagriculteur.fr\/blog\/wp-json\/wp\/v2\/media\/8930"}],"wp:attachment":[{"href":"https:\/\/www.lagriculteur.fr\/blog\/wp-json\/wp\/v2\/media?parent=8909"}],"wp:term":[{"taxonomy":"category","embeddable":true,"href":"https:\/\/www.lagriculteur.fr\/blog\/wp-json\/wp\/v2\/categories?post=8909"},{"taxonomy":"post_tag","embeddable":true,"href":"https:\/\/www.lagriculteur.fr\/blog\/wp-json\/wp\/v2\/tags?post=8909"},{"taxonomy":"libelle","embeddable":true,"href":"https:\/\/www.lagriculteur.fr\/blog\/wp-json\/wp\/v2\/libelle?post=8909"}],"curies":[{"name":"wp","href":"https:\/\/api.w.org\/{rel}","templated":true}]}}