{"id":9033,"date":"2026-04-22T07:00:00","date_gmt":"2026-04-22T05:00:00","guid":{"rendered":"https:\/\/www.lagriculteur.fr\/blog\/?p=9033"},"modified":"2026-04-17T17:44:28","modified_gmt":"2026-04-17T15:44:28","slug":"guerre-au-proche-orient-vers-une-nouvelle-hausse-du-prix-des-pieces-agricoles","status":"publish","type":"post","link":"https:\/\/www.lagriculteur.fr\/blog\/guerre-au-proche-orient-vers-une-nouvelle-hausse-du-prix-des-pieces-agricoles\/","title":{"rendered":"Guerre au Proche-Orient : vers une nouvelle hausse du prix des pi\u00e8ces agricoles ?"},"content":{"rendered":"\n<p class=\"wp-block-paragraph\">La mont\u00e9e des tensions au Proche-Orient entra\u00eene une nouvelle phase d\u2019incertitude sur les march\u00e9s internationaux, en particulier sur celui de l\u2019\u00e9nergie. La hausse r\u00e9cente des prix du p\u00e9trole constitue un premier signal, dont les effets pourraient s\u2019\u00e9tendre au-del\u00e0 du seul secteur du carburant.<\/p>\n\n\n\n<p class=\"wp-block-paragraph\">Dans ce contexte, une question se pose de plus en plus dans le monde agricole : <strong>le co\u00fbt des pi\u00e8ces agricoles pourrait-il augmenter dans les mois \u00e0 venir ?<\/strong><\/p>\n\n\n\n<h2 class=\"wp-block-heading\" id=\"l-energie-un-facteur-cle-dans-le-cout-de-production-industriel\"><strong>L\u2019\u00e9nergie, un facteur cl\u00e9 dans le co\u00fbt de production industriel<\/strong><\/h2>\n\n\n\n<p class=\"wp-block-paragraph\">L\u2019augmentation du prix de l\u2019\u00e9nergie ne se limite pas \u00e0 son impact direct sur les carburants. Elle affecte l\u2019ensemble de la cha\u00eene industrielle.<\/p>\n\n\n\n<p class=\"wp-block-paragraph\">La fabrication des pi\u00e8ces agricoles qu\u2019il s\u2019agisse de composants m\u00e9caniques, d\u2019\u00e9l\u00e9ments d\u2019usure ou de pi\u00e8ces m\u00e9talliques plus complexes repose sur des proc\u00e9d\u00e9s fortement consommateurs d\u2019\u00e9nergie. La transformation de l\u2019acier, la fonderie ou encore l\u2019usinage sont particuli\u00e8rement sensibles aux variations du co\u00fbt \u00e9nerg\u00e9tique.<\/p>\n\n\n\n<p class=\"wp-block-paragraph\">\u00c0 cela s\u2019ajoutent les co\u00fbts de transport et de logistique, eux aussi directement influenc\u00e9s par le prix du p\u00e9trole. Une tension durable sur les march\u00e9s de l\u2019\u00e9nergie peut donc, \u00e0 terme, se traduire par une augmentation progressive des co\u00fbts de production et de distribution des pi\u00e8ces agricoles.<\/p>\n\n\n\n<h2 class=\"wp-block-heading\" id=\"des-chaines-d-approvisionnement-sous-pression\"><strong>Des cha\u00eenes d\u2019approvisionnement sous pression<\/strong><\/h2>\n\n\n\n<p class=\"wp-block-paragraph\">Le march\u00e9 des pi\u00e8ces agricoles s\u2019inscrit dans une \u00e9conomie mondialis\u00e9e, o\u00f9 chaque composante d\u00e9pend d\u2019une cha\u00eene d\u2019approvisionnement complexe.<\/p>\n\n\n\n<p class=\"wp-block-paragraph\">Dans ce contexte, les tensions au Proche-Orient peuvent provoquer des effets indirects mais significatifs :<\/p>\n\n\n\n<ul class=\"wp-block-list\">\n<li>hausse des co\u00fbts de transport maritime et routier<\/li>\n\n\n\n<li>augmentation des primes d\u2019assurance sur certaines zones strat\u00e9giques<\/li>\n\n\n\n<li>ralentissements logistiques ponctuels<\/li>\n\n\n\n<li>pression sur certaines mati\u00e8res premi\u00e8res industrielles<\/li>\n<\/ul>\n\n\n\n<p class=\"wp-block-paragraph\">Ces facteurs n\u2019entra\u00eenent pas n\u00e9cessairement de rupture imm\u00e9diate, mais ils contribuent \u00e0 fragiliser l\u2019\u00e9quilibre global des flux internationaux.<\/p>\n\n\n\n<p class=\"wp-block-paragraph\"><strong>A d\u00e9couvrir sur notre boutique <\/strong><\/p>\n\n\n<div class=\"pswp-if-wrp\"><iframe src=\"https:\/\/www.lagriculteur.fr\/module\/prestawp\/products?1&category_ids=2436&limit=3&limit_mobile=1&order_by=rand&pswp_blank=1&content_only=1&isolang=fr\" class=\"pswp-iframe\" frameborder=\"0\" scrolling=\"no\" onload=\"pswp_hideLoader(this)\"><\/iframe><\/div>\n\n\n\n<hr class=\"wp-block-separator has-alpha-channel-opacity is-style-wide\" style=\"margin-top:var(--wp--preset--spacing--50);margin-bottom:var(--wp--preset--spacing--50)\"\/>\n\n\n\n<h2 class=\"wp-block-heading\" id=\"une-evolution-progressive-plutot-qu-un-choc-brutal\"><strong>Une \u00e9volution progressive plut\u00f4t qu\u2019un choc brutal<\/strong><\/h2>\n\n\n\n<p class=\"wp-block-paragraph\">\u00c0 ce stade, le march\u00e9 des pi\u00e8ces agricoles reste globalement stable, avec des niveaux d\u2019approvisionnement satisfaisants. Aucune p\u00e9nurie majeure n\u2019est observ\u00e9e.<\/p>\n\n\n\n<p class=\"wp-block-paragraph\">Cependant, les pr\u00e9c\u00e9dentes crises ont montr\u00e9 que les ajustements de prix se font souvent de mani\u00e8re progressive. Les hausses apparaissent g\u00e9n\u00e9ralement avec un d\u00e9calage, au moment du renouvellement des stocks ou de la ren\u00e9gociation des contrats fournisseurs.<\/p>\n\n\n\n<p class=\"wp-block-paragraph\">Dans ce contexte, une hausse mod\u00e9r\u00e9e mais continue des prix des pi\u00e8ces agricoles ne peut \u00eatre totalement exclue si les tensions g\u00e9opolitiques perdurent.<\/p>\n\n\n\n<h2 class=\"wp-block-heading\" id=\"des-enjeux-concrets-pour-les-exploitations-agricoles\"><strong>Des enjeux concrets pour les exploitations agricoles<\/strong><\/h2>\n\n\n\n<p class=\"wp-block-paragraph\">Pour les exploitations, les cons\u00e9quences potentielles sont \u00e0 la fois \u00e9conomiques et op\u00e9rationnelles.<\/p>\n\n\n\n<p class=\"wp-block-paragraph\">D\u2019un c\u00f4t\u00e9, une hausse du co\u00fbt des pi\u00e8ces d\u2019usure et de maintenance peut peser sur les charges d\u2019exploitation. De l\u2019autre, d\u2019\u00e9ventuelles tensions sur les d\u00e9lais d\u2019approvisionnement peuvent compliquer la planification des travaux agricoles, notamment en p\u00e9riode de forte activit\u00e9.<\/p>\n\n\n\n<p class=\"wp-block-paragraph\">Dans un secteur o\u00f9 la disponibilit\u00e9 du mat\u00e9riel est essentielle, la moindre perturbation logistique peut avoir des effets imm\u00e9diats sur l\u2019organisation des chantiers.<\/p>\n\n\n\n<p class=\"wp-block-paragraph\">Lire aussi &gt;&gt; <a href=\"https:\/\/www.lagriculteur.fr\/blog\/gnr-agricole-une-exoneration-de-taxe-en-avril-face-a-la-hausse-des-carburants\/\" data-type=\"link\" data-id=\"https:\/\/www.lagriculteur.fr\/blog\/gnr-agricole-une-exoneration-de-taxe-en-avril-face-a-la-hausse-des-carburants\/\"><strong>GNR agricole : une exon\u00e9ration de taxe en avril face \u00e0 la hausse des carburants<\/strong><\/a><\/p>\n\n\n\n<h2 class=\"wp-block-heading\" id=\"une-vigilance-necessaire-dans-un-contexte-incertain\"><strong>Une vigilance n\u00e9cessaire dans un contexte incertain<\/strong><\/h2>\n\n\n\n<p class=\"wp-block-paragraph\">L\u2019\u00e9volution de la situation au Proche-Orient reste incertaine et d\u00e9pendra largement des d\u00e9veloppements g\u00e9opolitiques.<\/p>\n\n\n\n<p class=\"wp-block-paragraph\">Sans signal de rupture \u00e0 court terme, le contexte actuel appelle n\u00e9anmoins \u00e0 la vigilance. Les effets indirects sur les co\u00fbts industriels et logistiques pourraient progressivement se r\u00e9percuter sur le secteur agricole, y compris sur le prix des pi\u00e8ces et composants.<\/p>\n\n\n\n<p class=\"wp-block-paragraph\">Dans un environnement d\u00e9j\u00e0 marqu\u00e9 par la volatilit\u00e9 des march\u00e9s, cette variable suppl\u00e9mentaire s\u2019ajoute aux nombreux facteurs \u00e0 int\u00e9grer dans la gestion des exploitations.<\/p>\n","protected":false},"excerpt":{"rendered":"<p>La mont\u00e9e des tensions au Proche-Orient entra\u00eene une nouvelle phase d\u2019incertitude sur les march\u00e9s internationaux, en particulier sur celui de l\u2019\u00e9nergie. La hausse r\u00e9cente des prix du p\u00e9trole constitue un premier signal, dont les effets pourraient s\u2019\u00e9tendre au-del\u00e0 du seul secteur du carburant. Dans ce contexte, une question se pose de plus en plus dans [&hellip;]<\/p>\n","protected":false},"author":7,"featured_media":9040,"comment_status":"open","ping_status":"open","sticky":false,"template":"","format":"standard","meta":{"_acf_changed":false,"_seopress_titles_title":"Guerre au Proche-Orient : vers une nouvelle hausse du prix des pi\u00e8ces agricoles ?","_seopress_titles_desc":"Hausse de l\u2019\u00e9nergie et tensions internationales : la situation au Proche-Orient pourrait impacter le prix et la disponibilit\u00e9 des pi\u00e8ces agricoles.","_seopress_robots_index":"","_seopress_robots_follow":"","_seopress_robots_imageindex":"","_seopress_robots_snippet":"","_seopress_robots_primary_cat":"none","_seopress_robots_breadcrumbs":"","_seopress_robots_freeze_modified_date":"","_seopress_robots_custom_modified_date":"","_seopress_robots_canonical":"","_seopress_social_fb_title":"","_seopress_social_fb_desc":"","_seopress_social_fb_img":"","_seopress_social_fb_img_attachment_id":0,"_seopress_social_fb_img_width":0,"_seopress_social_fb_img_height":0,"_seopress_social_twitter_title":"","_seopress_social_twitter_desc":"","_seopress_social_twitter_img":"","_seopress_social_twitter_img_attachment_id":0,"_seopress_social_twitter_img_width":0,"_seopress_social_twitter_img_height":0,"_seopress_redirections_value":"","_seopress_redirections_enabled":"","_seopress_redirections_enabled_regex":"","_seopress_redirections_logged_status":"both","_seopress_redirections_param":"","_seopress_redirections_type":301,"_seopress_analysis_target_kw":"","_seopress_news_disabled":"","_seopress_video_disabled":"","_seopress_video":[],"_seopress_pro_schemas_manual":[],"_seopress_pro_rich_snippets_disable_all":"","_seopress_pro_rich_snippets_disable":[],"_seopress_pro_schemas":[],"_gspb_post_css":"","footnotes":""},"categories":[359],"tags":[],"libelle":[],"class_list":["post-9033","post","type-post","status-publish","format-standard","has-post-thumbnail","category-actualites"],"blocksy_meta":{"styles_descriptor":{"styles":{"desktop":"","tablet":"","mobile":""},"google_fonts":[],"version":7}},"acf":[],"_links":{"self":[{"href":"https:\/\/www.lagriculteur.fr\/blog\/wp-json\/wp\/v2\/posts\/9033","targetHints":{"allow":["GET"]}}],"collection":[{"href":"https:\/\/www.lagriculteur.fr\/blog\/wp-json\/wp\/v2\/posts"}],"about":[{"href":"https:\/\/www.lagriculteur.fr\/blog\/wp-json\/wp\/v2\/types\/post"}],"author":[{"embeddable":true,"href":"https:\/\/www.lagriculteur.fr\/blog\/wp-json\/wp\/v2\/users\/7"}],"replies":[{"embeddable":true,"href":"https:\/\/www.lagriculteur.fr\/blog\/wp-json\/wp\/v2\/comments?post=9033"}],"version-history":[{"count":3,"href":"https:\/\/www.lagriculteur.fr\/blog\/wp-json\/wp\/v2\/posts\/9033\/revisions"}],"predecessor-version":[{"id":9041,"href":"https:\/\/www.lagriculteur.fr\/blog\/wp-json\/wp\/v2\/posts\/9033\/revisions\/9041"}],"wp:featuredmedia":[{"embeddable":true,"href":"https:\/\/www.lagriculteur.fr\/blog\/wp-json\/wp\/v2\/media\/9040"}],"wp:attachment":[{"href":"https:\/\/www.lagriculteur.fr\/blog\/wp-json\/wp\/v2\/media?parent=9033"}],"wp:term":[{"taxonomy":"category","embeddable":true,"href":"https:\/\/www.lagriculteur.fr\/blog\/wp-json\/wp\/v2\/categories?post=9033"},{"taxonomy":"post_tag","embeddable":true,"href":"https:\/\/www.lagriculteur.fr\/blog\/wp-json\/wp\/v2\/tags?post=9033"},{"taxonomy":"libelle","embeddable":true,"href":"https:\/\/www.lagriculteur.fr\/blog\/wp-json\/wp\/v2\/libelle?post=9033"}],"curies":[{"name":"wp","href":"https:\/\/api.w.org\/{rel}","templated":true}]}}