{"id":9064,"date":"2026-05-25T12:54:00","date_gmt":"2026-05-25T10:54:00","guid":{"rendered":"https:\/\/www.lagriculteur.fr\/blog\/?p=9064"},"modified":"2026-05-25T13:00:34","modified_gmt":"2026-05-25T11:00:34","slug":"grignon-accueille-les-journees-de-linnovation-agricole-2026","status":"publish","type":"post","link":"https:\/\/www.lagriculteur.fr\/blog\/grignon-accueille-les-journees-de-linnovation-agricole-2026\/","title":{"rendered":"Grignon accueille les Journ\u00e9es de l\u2019Innovation Agricole 2026"},"content":{"rendered":"\n<p class=\"wp-block-paragraph\">Le 4 juin 2026, la ferme exp\u00e9rimentale de Grignon, dans les Yvelines, accueillera la troisi\u00e8me \u00e9dition des <strong>Journ\u00e9es de l\u2019Innovation Agricole<\/strong>, un \u00e9v\u00e9nement d\u00e9sormais identifi\u00e9 comme un rendez-vous d\u00e9di\u00e9 aux solutions concr\u00e8tes pour accompagner les transitions agricoles.<\/p>\n\n\n\n<p class=\"wp-block-paragraph\">Organis\u00e9es tous les deux ans par AgroParisTech, ces journ\u00e9es r\u00e9unissent agriculteurs, entreprises, startups, chercheurs, \u00e9tudiants, instituts techniques et partenaires du secteur autour d\u2019un objectif commun : rapprocher l\u2019innovation des r\u00e9alit\u00e9s du terrain.<\/p>\n\n\n\n<p class=\"wp-block-paragraph\">Dans un contexte marqu\u00e9 par l\u2019\u00e9volution des pratiques, les enjeux climatiques, la ma\u00eetrise des charges ou encore les attentes autour de la souverainet\u00e9 alimentaire, l\u2019innovation agricole ne se limite plus \u00e0 la technologie seule. Elle touche \u00e9galement l\u2019agronomie, l\u2019organisation du travail, l\u2019\u00e9nergie ou les m\u00e9thodes de production. C\u2019est pr\u00e9cis\u00e9ment cette approche globale que souhaitent mettre en avant les Journ\u00e9es de l\u2019Innovation Agricole.<\/p>\n\n\n\n<h2 id=\"un-salon-agricole-pense-pour-voir-les-innovations-en-situation-reelle\" class=\"wp-block-heading\"><strong>Un salon agricole pens\u00e9 pour voir les innovations en situation r\u00e9elle<\/strong><\/h2>\n\n\n\n<p class=\"wp-block-paragraph\">La force de cet \u00e9v\u00e9nement repose sur son format. Ici, pas de d\u00e9monstrations fig\u00e9es dans un hall d\u2019exposition : les solutions sont pr\u00e9sent\u00e9es directement au sein d\u2019une ferme exp\u00e9rimentale en activit\u00e9.<\/p>\n\n\n\n<p class=\"wp-block-paragraph\">Machines, \u00e9quipements, outils d\u2019aide \u00e0 la d\u00e9cision, pratiques agronomiques, solutions \u00e9nerg\u00e9tiques ou innovations li\u00e9es \u00e0 l\u2019\u00e9levage pourront \u00eatre observ\u00e9s dans leurs conditions d\u2019utilisation r\u00e9elles.<\/p>\n\n\n\n<p class=\"wp-block-paragraph\">Cette approche permet aux visiteurs d\u2019\u00e9valuer plus concr\u00e8tement l\u2019int\u00e9r\u00eat d\u2019une innovation : comportement au champ, facilit\u00e9 de mise en \u0153uvre, adaptation aux contraintes d\u2019exploitation ou potentiel de d\u00e9ploiement.<\/p>\n\n\n\n<p class=\"wp-block-paragraph\">L\u2019ambition affich\u00e9e par AgroParisTech est claire : favoriser des \u00e9changes techniques ancr\u00e9s dans le concret, loin des d\u00e9monstrations uniquement th\u00e9oriques.<\/p>\n\n\n\n<p class=\"wp-block-paragraph\">Lire aussi &gt;&gt;   <a href=\"https:\/\/www.lagriculteur.fr\/blog\/guerre-au-proche-orient-vers-une-nouvelle-hausse-du-prix-des-pieces-agricoles\/\" data-type=\"link\" data-id=\"https:\/\/www.lagriculteur.fr\/blog\/guerre-au-proche-orient-vers-une-nouvelle-hausse-du-prix-des-pieces-agricoles\/\">Guerre au Proche-Orient : vers une nouvelle hausse du prix des pi\u00e8ces agricoles ?<\/a><\/p>\n\n\n\n<h2 id=\"trois-grands-univers-au-coeur-de-l-edition-2026\" class=\"wp-block-heading\"><strong>Trois grands univers au c\u0153ur de l\u2019\u00e9dition 2026<\/strong><\/h2>\n\n\n\n<p class=\"wp-block-paragraph\">Comme lors des pr\u00e9c\u00e9dentes \u00e9ditions, l\u2019\u00e9v\u00e9nement s\u2019organisera autour de trois grands p\u00f4les th\u00e9matiques permettant de structurer les visites et les d\u00e9monstrations.<\/p>\n\n\n\n<h3 id=\"elevage\" class=\"wp-block-heading\"><strong>\u00c9levage<\/strong><\/h3>\n\n\n\n<p class=\"wp-block-paragraph\">Le p\u00f4le \u00e9levage abordera les innovations autour des syst\u00e8mes bovins et ovins, des b\u00e2timents, du suivi des animaux, de l\u2019autonomie alimentaire ou encore des pratiques visant \u00e0 am\u00e9liorer les performances techniques et environnementales des \u00e9levages.<\/p>\n\n\n\n<h3 id=\"productions-vegetales\" class=\"wp-block-heading\"><strong>Productions v\u00e9g\u00e9tales<\/strong><\/h3>\n\n\n\n<p class=\"wp-block-paragraph\">Les productions v\u00e9g\u00e9tales occuperont \u00e9galement une place importante, avec des d\u00e9monstrations li\u00e9es aux grandes cultures, aux fourrages, aux cultures industrielles et aux leviers agronomiques mobilisables face aux \u00e9volutions climatiques et \u00e9conomiques.<\/p>\n\n\n\n<p class=\"wp-block-paragraph\">L\u2019objectif sera notamment de pr\u00e9senter des solutions applicables directement sur les exploitations, qu\u2019il s\u2019agisse d\u2019implantation, de gestion des cultures ou d\u2019optimisation des itin\u00e9raires techniques.<\/p>\n\n\n\n<h3 id=\"bioenergies\" class=\"wp-block-heading\"><strong>Bio\u00e9nergies<\/strong><\/h3>\n\n\n\n<p class=\"wp-block-paragraph\">Enfin, un espace sera consacr\u00e9 aux bio\u00e9nergies, sujet devenu central dans de nombreuses exploitations agricoles. Valorisation \u00e9nerg\u00e9tique, m\u00e9thanisation, autonomie \u00e9nerg\u00e9tique ou nouvelles solutions bas carbone feront partie des th\u00e8mes explor\u00e9s.<\/p>\n\n\n\n<p class=\"wp-block-paragraph\"><strong>A d\u00e9couvrir sur notre boutique <\/strong><\/p>\n\n\n\n<hr class=\"wp-block-separator has-alpha-channel-opacity is-style-wide\" style=\"margin-top:var(--wp--preset--spacing--50);margin-bottom:var(--wp--preset--spacing--50)\"\/>\n\n\n<div class=\"pswp-if-wrp\"><iframe src=\"https:\/\/www.lagriculteur.fr\/module\/prestawp\/products?1&category_ids=2436&limit=3&limit_mobile=1&order_by=rand&pswp_blank=1&content_only=1&isolang=fr\" class=\"pswp-iframe\" frameborder=\"0\" scrolling=\"no\" onload=\"pswp_hideLoader(this)\"><\/iframe><\/div>\n\n\n\n<hr class=\"wp-block-separator has-alpha-channel-opacity is-style-wide\" style=\"margin-top:var(--wp--preset--spacing--50);margin-bottom:var(--wp--preset--spacing--50)\"\/>\n\n\n\n<h2 id=\"une-edition-enrichie-par-davantage-d-echanges-entre-professionnels\" class=\"wp-block-heading\"><strong>Une \u00e9dition enrichie par davantage d\u2019\u00e9changes entre professionnels<\/strong><\/h2>\n\n\n\n<p class=\"wp-block-paragraph\">Pour cette troisi\u00e8me \u00e9dition, les organisateurs souhaitent aller plus loin dans les \u00e9changes entre les diff\u00e9rents profils pr\u00e9sents sur le salon.<\/p>\n\n\n\n<p class=\"wp-block-paragraph\">De nouveaux formats de discussion feront leur apparition, notamment les sessions \u00ab Paroles crois\u00e9es \u00bb, con\u00e7ues pour mettre autour d\u2019une m\u00eame table agriculteurs, chercheurs, startups, entreprises et experts techniques.<\/p>\n\n\n\n<p class=\"wp-block-paragraph\">L\u2019objectif est de confronter les visions, partager les retours d\u2019exp\u00e9rience et faire \u00e9merger des discussions concr\u00e8tes autour de l\u2019applicabilit\u00e9 des innovations sur le terrain.<\/p>\n\n\n\n<p class=\"wp-block-paragraph\">Des visites th\u00e9matiques guid\u00e9es permettront \u00e9galement aux visiteurs de construire un parcours plus cibl\u00e9 selon leurs centres d\u2019int\u00e9r\u00eat : productions v\u00e9g\u00e9tales, \u00e9levage ou bio\u00e9nergies.<\/p>\n\n\n\n<h2 id=\"l-innovation-etudiante-aussi-mise-en-avant\" class=\"wp-block-heading\"><strong>L\u2019innovation \u00e9tudiante aussi mise en avant<\/strong><\/h2>\n\n\n\n<p class=\"wp-block-paragraph\">L\u2019\u00e9v\u00e9nement accordera \u00e9galement une place aux projets port\u00e9s par les \u00e9tudiants \u00e0 travers le concours <strong>Make It Agri<\/strong>, centr\u00e9 sur les innovations au service d\u2019une agriculture durable.<\/p>\n\n\n\n<p class=\"wp-block-paragraph\">Les finalistes pr\u00e9senteront leurs solutions devant un jury, avec des projets souvent tourn\u00e9s vers les probl\u00e9matiques tr\u00e8s concr\u00e8tes des exploitations : optimisation des ressources, nouvelles approches techniques ou outils num\u00e9riques.<\/p>\n\n\n\n<p class=\"wp-block-paragraph\">Cette ouverture \u00e0 l\u2019innovation \u00e9tudiante refl\u00e8te une volont\u00e9 plus large : faire dialoguer recherche, exp\u00e9rimentation et besoins op\u00e9rationnels du monde agricole.<\/p>\n\n\n\n<h2 id=\"agroparistech-lance-une-communaute-d-agriculteurs\" class=\"wp-block-heading\"><strong>AgroParisTech lance une communaut\u00e9 d\u2019agriculteurs<\/strong><\/h2>\n\n\n\n<p class=\"wp-block-paragraph\">L\u2019\u00e9dition 2026 sera aussi marqu\u00e9e par le lancement d\u2019une <strong>Communaut\u00e9 d\u2019Agriculteurs port\u00e9e par le Farm\u2019InnLab<\/strong>, structure d\u00e9di\u00e9e \u00e0 l\u2019innovation agricole au sein d\u2019AgroParisTech.<\/p>\n\n\n\n<p class=\"wp-block-paragraph\">Cette initiative vise \u00e0 renforcer les liens entre les exp\u00e9rimentations men\u00e9es sur le terrain et les besoins exprim\u00e9s directement par les exploitants. L\u2019id\u00e9e est d\u2019impliquer davantage les agriculteurs dans les processus de test, d\u2019\u00e9valuation et d\u2019adaptation des innovations.<\/p>\n\n\n\n<p class=\"wp-block-paragraph\">Dans un contexte o\u00f9 les d\u00e9cisions techniques doivent \u00eatre rapidement op\u00e9rationnelles et \u00e9conomiquement viables, cette connexion plus forte entre recherche et terrain appara\u00eet comme un enjeu important.<\/p>\n\n\n\n<h2 id=\"un-rendez-vous-pour-observer-les-tendances-agricoles-de-demain\" class=\"wp-block-heading\"><strong>Un rendez-vous pour observer les tendances agricoles de demain<\/strong><\/h2>\n\n\n\n<p class=\"wp-block-paragraph\">Au-del\u00e0 des d\u00e9monstrations, les Journ\u00e9es de l\u2019Innovation Agricole permettent aussi de prendre du recul sur les grandes orientations du secteur agricole.<\/p>\n\n\n\n<p class=\"wp-block-paragraph\">Robotique, agriculture de pr\u00e9cision, bio\u00e9nergies, gestion des intrants, autonomie des exploitations, adaptation climatique ou nouvelles pratiques agronomiques : les sujets abord\u00e9s traduisent les transformations en cours dans les syst\u00e8mes de production.<\/p>\n\n\n\n<p class=\"wp-block-paragraph\">Pour les agriculteurs comme pour les acteurs du secteur, ce type de rendez-vous constitue souvent une opportunit\u00e9 d\u2019\u00e9changer entre pairs, de d\u00e9couvrir de nouvelles approches et d\u2019identifier des pistes applicables \u00e0 moyen terme sur les exploitations.<\/p>\n\n\n\n<h2 id=\"informations-pratiques\" class=\"wp-block-heading\"><strong>Informations pratiques<\/strong><\/h2>\n\n\n\n<p class=\"wp-block-paragraph\">Les <strong>Journ\u00e9es de l\u2019Innovation Agricole 2026<\/strong> se d\u00e9rouleront le <strong>jeudi 4 juin<\/strong>, de <strong>9h \u00e0 18h<\/strong>, \u00e0 la <strong>Ferme exp\u00e9rimentale de Grignon<\/strong>, dans les Yvelines.<\/p>\n\n\n\n<p class=\"wp-block-paragraph\">L\u2019\u00e9v\u00e9nement est gratuit et accessible aux professionnels du monde agricole, avec parking visiteurs et navettes mises en place depuis la gare de Plaisir-Grignon.<\/p>\n","protected":false},"excerpt":{"rendered":"<p>Le 4 juin 2026, la ferme exp\u00e9rimentale de Grignon, dans les Yvelines, accueillera la troisi\u00e8me \u00e9dition des Journ\u00e9es de l\u2019Innovation Agricole, un \u00e9v\u00e9nement d\u00e9sormais identifi\u00e9 comme un rendez-vous d\u00e9di\u00e9 aux solutions concr\u00e8tes pour accompagner les transitions agricoles. Organis\u00e9es tous les deux ans par AgroParisTech, ces journ\u00e9es r\u00e9unissent agriculteurs, entreprises, startups, chercheurs, \u00e9tudiants, instituts techniques et [&hellip;]<\/p>\n","protected":false},"author":6,"featured_media":9069,"comment_status":"open","ping_status":"open","sticky":false,"template":"","format":"standard","meta":{"_acf_changed":false,"_seopress_titles_title":"Grignon accueille les Journ\u00e9es de l\u2019Innovation Agricole 2026","_seopress_titles_desc":"Le 4 juin 2026, les Journ\u00e9es de l\u2019Innovation Agricole reviennent \u00e0 Grignon avec d\u00e9monstrations terrain, \u00e9levage, cultures, bio\u00e9nergies et \u00e9changes techniques","_seopress_robots_index":"","_seopress_robots_follow":"","_seopress_robots_imageindex":"","_seopress_robots_snippet":"","_seopress_robots_primary_cat":"","_seopress_robots_breadcrumbs":"","_seopress_robots_freeze_modified_date":"","_seopress_robots_custom_modified_date":"","_seopress_robots_canonical":"","_seopress_social_fb_title":"","_seopress_social_fb_desc":"","_seopress_social_fb_img":"","_seopress_social_fb_img_attachment_id":0,"_seopress_social_fb_img_width":0,"_seopress_social_fb_img_height":0,"_seopress_social_twitter_title":"","_seopress_social_twitter_desc":"","_seopress_social_twitter_img":"","_seopress_social_twitter_img_attachment_id":0,"_seopress_social_twitter_img_width":0,"_seopress_social_twitter_img_height":0,"_seopress_redirections_value":"","_seopress_redirections_enabled":"","_seopress_redirections_enabled_regex":"","_seopress_redirections_logged_status":"","_seopress_redirections_param":"","_seopress_redirections_type":0,"_seopress_analysis_target_kw":"","_seopress_news_disabled":"","_seopress_video_disabled":"","_seopress_video":[],"_seopress_pro_schemas_manual":[],"_seopress_pro_rich_snippets_disable_all":"","_seopress_pro_rich_snippets_disable":[],"_seopress_pro_schemas":[],"_gspb_post_css":"","footnotes":""},"categories":[369],"tags":[],"libelle":[],"class_list":["post-9064","post","type-post","status-publish","format-standard","has-post-thumbnail","category-evenements"],"blocksy_meta":{"styles_descriptor":{"styles":{"desktop":"","tablet":"","mobile":""},"google_fonts":[],"version":7}},"acf":[],"_links":{"self":[{"href":"https:\/\/www.lagriculteur.fr\/blog\/wp-json\/wp\/v2\/posts\/9064","targetHints":{"allow":["GET"]}}],"collection":[{"href":"https:\/\/www.lagriculteur.fr\/blog\/wp-json\/wp\/v2\/posts"}],"about":[{"href":"https:\/\/www.lagriculteur.fr\/blog\/wp-json\/wp\/v2\/types\/post"}],"author":[{"embeddable":true,"href":"https:\/\/www.lagriculteur.fr\/blog\/wp-json\/wp\/v2\/users\/6"}],"replies":[{"embeddable":true,"href":"https:\/\/www.lagriculteur.fr\/blog\/wp-json\/wp\/v2\/comments?post=9064"}],"version-history":[{"count":7,"href":"https:\/\/www.lagriculteur.fr\/blog\/wp-json\/wp\/v2\/posts\/9064\/revisions"}],"predecessor-version":[{"id":9077,"href":"https:\/\/www.lagriculteur.fr\/blog\/wp-json\/wp\/v2\/posts\/9064\/revisions\/9077"}],"wp:featuredmedia":[{"embeddable":true,"href":"https:\/\/www.lagriculteur.fr\/blog\/wp-json\/wp\/v2\/media\/9069"}],"wp:attachment":[{"href":"https:\/\/www.lagriculteur.fr\/blog\/wp-json\/wp\/v2\/media?parent=9064"}],"wp:term":[{"taxonomy":"category","embeddable":true,"href":"https:\/\/www.lagriculteur.fr\/blog\/wp-json\/wp\/v2\/categories?post=9064"},{"taxonomy":"post_tag","embeddable":true,"href":"https:\/\/www.lagriculteur.fr\/blog\/wp-json\/wp\/v2\/tags?post=9064"},{"taxonomy":"libelle","embeddable":true,"href":"https:\/\/www.lagriculteur.fr\/blog\/wp-json\/wp\/v2\/libelle?post=9064"}],"curies":[{"name":"wp","href":"https:\/\/api.w.org\/{rel}","templated":true}]}}