{"id":9098,"date":"2026-06-27T17:20:30","date_gmt":"2026-06-27T15:20:30","guid":{"rendered":"https:\/\/www.lagriculteur.fr\/blog\/?p=9098"},"modified":"2026-06-27T17:20:31","modified_gmt":"2026-06-27T15:20:31","slug":"moisson-2026-la-canicule-bouleverse-deja-lorganisation-des-recoltes","status":"publish","type":"post","link":"https:\/\/www.lagriculteur.fr\/blog\/moisson-2026-la-canicule-bouleverse-deja-lorganisation-des-recoltes\/","title":{"rendered":"Moisson 2026 : la canicule bouleverse d\u00e9j\u00e0 l\u2019organisation des r\u00e9coltes"},"content":{"rendered":"\n<p class=\"wp-block-paragraph\">La campagne de moisson 2026 d\u00e9bute dans un contexte climatique particuli\u00e8rement tendu. Depuis plusieurs jours, la vague de chaleur qui touche une grande partie du territoire acc\u00e9l\u00e8re le dess\u00e8chement des cultures et complique directement l\u2019organisation des chantiers.<\/p>\n\n\n\n<p class=\"wp-block-paragraph\">Dans plusieurs d\u00e9partements, les pr\u00e9fectures ont d\u00e9j\u00e0 pris des arr\u00eat\u00e9s pour limiter, voire interdire temporairement les moissons aux heures les plus chaudes de la journ\u00e9e. Une mesure qui refl\u00e8te la mont\u00e9e des risques sur le terrain, notamment face aux d\u00e9parts de feu.<\/p>\n\n\n\n<p class=\"wp-block-paragraph\">Si ces restrictions restent localis\u00e9es pour l\u2019instant, elles illustrent une r\u00e9alit\u00e9 de plus en plus fr\u00e9quente : les \u00e9pisodes de canicule p\u00e8sent d\u00e9sormais autant sur les rendements que sur les conditions de r\u00e9colte.<\/p>\n\n\n\n<h2 id=\"des-conditions-de-plus-en-plus-sensibles-au-champ\" class=\"wp-block-heading\"><strong>Des conditions de plus en plus sensibles au champ<\/strong><\/h2>\n\n\n\n<p class=\"wp-block-paragraph\">Avec le manque de pluie enregistr\u00e9 ces derni\u00e8res semaines et les temp\u00e9ratures qui d\u00e9passent largement les normales de saison, les parcelles arrivent \u00e0 maturit\u00e9 dans un \u00e9tat de forte s\u00e9cheresse.<\/p>\n\n\n\n<p class=\"wp-block-paragraph\">Chaumes, paille, bordures et v\u00e9g\u00e9tation environnante deviennent particuli\u00e8rement inflammables. Dans ces conditions, le moindre point chaud peut suffire \u00e0 d\u00e9clencher un incendie.<\/p>\n\n\n\n<p class=\"wp-block-paragraph\">Le ph\u00e9nom\u00e8ne n\u2019est pas nouveau, mais il tend \u00e0 s\u2019intensifier. Chaque campagne semble d\u00e9sormais plus expos\u00e9e, obligeant les exploitants \u00e0 int\u00e9grer cette donn\u00e9e dans leur organisation.<\/p>\n\n\n\n<p class=\"wp-block-paragraph\">Cette ann\u00e9e, la combinaison entre canicule, vent et s\u00e9cheresse place clairement la vigilance \u00e0 un niveau sup\u00e9rieur.<\/p>\n\n\n\n<p class=\"wp-block-paragraph\"><strong>A d\u00e9couvrir sur notre boutique <\/strong><\/p>\n\n\n<div class=\"pswp-if-wrp\"><iframe src=\"https:\/\/www.lagriculteur.fr\/module\/prestawp\/products?1&category_ids=2935&limit=3&limit_mobile=1&order_by=rand&pswp_blank=1&content_only=1&isolang=fr\" class=\"pswp-iframe\" frameborder=\"0\" scrolling=\"no\" onload=\"pswp_hideLoader(this)\"><\/iframe><\/div>\n\n\n\n<hr class=\"wp-block-separator has-alpha-channel-opacity is-style-wide\" style=\"margin-top:var(--wp--preset--spacing--50);margin-bottom:var(--wp--preset--spacing--50)\"\/>\n\n\n\n<h2 id=\"le-materiel-reste-au-centre-des-risques\" class=\"wp-block-heading\"><strong>Le mat\u00e9riel reste au centre des risques<\/strong><\/h2>\n\n\n\n<p class=\"wp-block-paragraph\">Dans la majorit\u00e9 des cas, les d\u00e9parts de feu observ\u00e9s pendant les moissons sont li\u00e9s au mat\u00e9riel.<\/p>\n\n\n\n<p class=\"wp-block-paragraph\">Un roulement fatigu\u00e9, une courroie agricole us\u00e9e, un faisceau \u00e9lectrique fragilis\u00e9 ou simplement l\u2019accumulation de poussi\u00e8res autour d\u2019\u00e9l\u00e9ments chauds peuvent rapidement provoquer une \u00e9tincelle.<\/p>\n\n\n\n<p class=\"wp-block-paragraph\">Dans ce contexte, le contr\u00f4le des pi\u00e8ces de moissonneuse-batteuse devient encore plus strat\u00e9gique.<\/p>\n\n\n\n<p class=\"wp-block-paragraph\">Au-del\u00e0 du simple entretien courant, cette p\u00e9riode impose une surveillance renforc\u00e9e sur toutes les pi\u00e8ces d\u2019usure agricoles fortement sollicit\u00e9es pendant la r\u00e9colte.<\/p>\n\n\n\n<p class=\"wp-block-paragraph\">Anticiper une panne ou une surchauffe permet non seulement d\u2019\u00e9viter une immobilisation, mais aussi de limiter fortement les risques de d\u00e9part de feu.<\/p>\n\n\n\n<h2 id=\"une-organisation-de-chantier-qui-evolue-avec-la-meteo\" class=\"wp-block-heading\"><strong>Une organisation de chantier qui \u00e9volue avec la m\u00e9t\u00e9o<\/strong><\/h2>\n\n\n\n<p class=\"wp-block-paragraph\">Les conditions actuelles obligent aussi \u00e0 revoir certaines habitudes. Lorsque cela est possible, avancer les chantiers t\u00f4t le matin ou les d\u00e9caler en soir\u00e9e devient une solution logique pour travailler dans de meilleures conditions.<\/p>\n\n\n\n<p class=\"wp-block-paragraph\">L\u2019organisation globale doit \u00e9galement \u00eatre pens\u00e9e diff\u00e9remment : rep\u00e9rage des zones sensibles, acc\u00e8s rapides aux parcelles, coordination entre les bennes et la moissonneuse-batteuse, disponibilit\u00e9 d\u2019un d\u00e9chaumeur pour intervenir rapidement sur un d\u00e9part de feu.<\/p>\n\n\n\n<p class=\"wp-block-paragraph\">Ce sont souvent ces d\u00e9tails d\u2019organisation qui permettent de faire la diff\u00e9rence sur le terrain.<\/p>\n\n\n\n<p class=\"wp-block-paragraph\">Lire aussi &gt;&gt; <a href=\"https:\/\/www.lagriculteur.fr\/blog\/engrais-azotes-lunion-europeenne-suspend-les-taxes-a-limportation-pendant-un-an\/\">Engrais azot\u00e9s : l\u2019Union europ\u00e9enne suspend les taxes \u00e0 l\u2019importation pendant un an<\/a><\/p>\n\n\n\n<h2 id=\"une-campagne-qui-confirme-l-evolution-des-conditions-de-recolte\" class=\"wp-block-heading\"><strong>Une campagne qui confirme l\u2019\u00e9volution des conditions de r\u00e9colte<\/strong><\/h2>\n\n\n\n<p class=\"wp-block-paragraph\">Au-del\u00e0 de l\u2019\u00e9pisode actuel, cette moisson 2026 s\u2019inscrit dans une tendance plus large : celle d\u2019un climat plus instable, avec des p\u00e9riodes de chaleur plus intenses et plus pr\u00e9coces.<\/p>\n\n\n\n<p class=\"wp-block-paragraph\">Pour les exploitants, cela implique une adaptation progressive des pratiques, autant sur la gestion des cultures que sur la pr\u00e9paration du mat\u00e9riel.<\/p>\n\n\n\n<p class=\"wp-block-paragraph\">Entre s\u00e9curit\u00e9, anticipation et disponibilit\u00e9 des <a href=\"https:\/\/www.lagriculteur.fr\/\">pi\u00e8ces agricoles<\/a>, la r\u00e9colte ne se limite plus uniquement \u00e0 la performance : elle devient aussi une question de r\u00e9activit\u00e9 face aux al\u00e9as climatiques.<\/p>\n\n\n\n<p class=\"wp-block-paragraph\">Et cette campagne pourrait bien en \u00eatre une nouvelle illustration.<\/p>\n","protected":false},"excerpt":{"rendered":"<p>La campagne de moisson 2026 d\u00e9bute dans un contexte climatique particuli\u00e8rement tendu. Depuis plusieurs jours, la vague de chaleur qui touche une grande partie du territoire acc\u00e9l\u00e8re le dess\u00e8chement des cultures et complique directement l\u2019organisation des chantiers. Dans plusieurs d\u00e9partements, les pr\u00e9fectures ont d\u00e9j\u00e0 pris des arr\u00eat\u00e9s pour limiter, voire interdire temporairement les moissons aux [&hellip;]<\/p>\n","protected":false},"author":6,"featured_media":9103,"comment_status":"open","ping_status":"open","sticky":false,"template":"","format":"standard","meta":{"_acf_changed":false,"_seopress_titles_title":"Moisson 2026 : la canicule complique d\u00e9j\u00e0 les r\u00e9coltes","_seopress_titles_desc":"Restrictions pr\u00e9fectorales, chaleur et s\u00e9cheresse : la moisson 2026 d\u00e9marre sous tension avec un risque incendie renforc\u00e9 dans plusieurs secteurs agricoles","_seopress_robots_index":"","_seopress_robots_follow":"","_seopress_robots_imageindex":"","_seopress_robots_snippet":"","_seopress_robots_primary_cat":"","_seopress_robots_breadcrumbs":"","_seopress_robots_freeze_modified_date":"","_seopress_robots_custom_modified_date":"","_seopress_robots_canonical":"","_seopress_social_fb_title":"","_seopress_social_fb_desc":"","_seopress_social_fb_img":"","_seopress_social_fb_img_attachment_id":0,"_seopress_social_fb_img_width":0,"_seopress_social_fb_img_height":0,"_seopress_social_twitter_title":"","_seopress_social_twitter_desc":"","_seopress_social_twitter_img":"","_seopress_social_twitter_img_attachment_id":0,"_seopress_social_twitter_img_width":0,"_seopress_social_twitter_img_height":0,"_seopress_redirections_value":"","_seopress_redirections_enabled":"","_seopress_redirections_enabled_regex":"","_seopress_redirections_logged_status":"","_seopress_redirections_param":"","_seopress_redirections_type":0,"_seopress_analysis_target_kw":"","_seopress_news_disabled":"","_seopress_video_disabled":"","_seopress_video":[],"_seopress_pro_schemas_manual":[],"_seopress_pro_rich_snippets_disable_all":"","_seopress_pro_rich_snippets_disable":[],"_seopress_pro_schemas":[],"_gspb_post_css":"","footnotes":""},"categories":[359,364],"tags":[],"libelle":[],"class_list":["post-9098","post","type-post","status-publish","format-standard","has-post-thumbnail","category-actualites","category-culture"],"blocksy_meta":{"styles_descriptor":{"styles":{"desktop":"","tablet":"","mobile":""},"google_fonts":[],"version":7}},"acf":[],"_links":{"self":[{"href":"https:\/\/www.lagriculteur.fr\/blog\/wp-json\/wp\/v2\/posts\/9098","targetHints":{"allow":["GET"]}}],"collection":[{"href":"https:\/\/www.lagriculteur.fr\/blog\/wp-json\/wp\/v2\/posts"}],"about":[{"href":"https:\/\/www.lagriculteur.fr\/blog\/wp-json\/wp\/v2\/types\/post"}],"author":[{"embeddable":true,"href":"https:\/\/www.lagriculteur.fr\/blog\/wp-json\/wp\/v2\/users\/6"}],"replies":[{"embeddable":true,"href":"https:\/\/www.lagriculteur.fr\/blog\/wp-json\/wp\/v2\/comments?post=9098"}],"version-history":[{"count":3,"href":"https:\/\/www.lagriculteur.fr\/blog\/wp-json\/wp\/v2\/posts\/9098\/revisions"}],"predecessor-version":[{"id":9102,"href":"https:\/\/www.lagriculteur.fr\/blog\/wp-json\/wp\/v2\/posts\/9098\/revisions\/9102"}],"wp:featuredmedia":[{"embeddable":true,"href":"https:\/\/www.lagriculteur.fr\/blog\/wp-json\/wp\/v2\/media\/9103"}],"wp:attachment":[{"href":"https:\/\/www.lagriculteur.fr\/blog\/wp-json\/wp\/v2\/media?parent=9098"}],"wp:term":[{"taxonomy":"category","embeddable":true,"href":"https:\/\/www.lagriculteur.fr\/blog\/wp-json\/wp\/v2\/categories?post=9098"},{"taxonomy":"post_tag","embeddable":true,"href":"https:\/\/www.lagriculteur.fr\/blog\/wp-json\/wp\/v2\/tags?post=9098"},{"taxonomy":"libelle","embeddable":true,"href":"https:\/\/www.lagriculteur.fr\/blog\/wp-json\/wp\/v2\/libelle?post=9098"}],"curies":[{"name":"wp","href":"https:\/\/api.w.org\/{rel}","templated":true}]}}