{"id":9104,"date":"2026-06-29T12:50:48","date_gmt":"2026-06-29T10:50:48","guid":{"rendered":"https:\/\/www.lagriculteur.fr\/blog\/?p=9104"},"modified":"2026-06-29T13:15:11","modified_gmt":"2026-06-29T11:15:11","slug":"fendt-900-vario-30-ans-et-une-edition-collector","status":"publish","type":"post","link":"https:\/\/www.lagriculteur.fr\/blog\/fendt-900-vario-30-ans-et-une-edition-collector\/","title":{"rendered":"Fendt 900 Vario : 30 ans et une \u00e9dition collector"},"content":{"rendered":"\n<p class=\"wp-block-paragraph\">Fendt marque un cap symbolique pour l\u2019un de ses tracteurs les plus embl\u00e9matiques. En juillet 2026, le constructeur allemand sortira le 50 000e exemplaire du 900 Vario, une s\u00e9rie qui f\u00eate cette ann\u00e9e ses 30 ans de carri\u00e8re.<\/p>\n\n\n\n<p class=\"wp-block-paragraph\">Lanc\u00e9e commercialement en 1996 avec le 926 Vario, cette gamme a profond\u00e9ment marqu\u00e9 l\u2019\u00e9volution du march\u00e9 des tracteurs de forte puissance, notamment avec l\u2019arriv\u00e9e de la transmission \u00e0 variation continue, devenue depuis une r\u00e9f\u00e9rence dans le secteur.<\/p>\n\n\n\n<p class=\"wp-block-paragraph\">Pour c\u00e9l\u00e9brer cet anniversaire, Fendt d\u00e9voile une \u00e9dition sp\u00e9ciale limit\u00e9e \u00e0 300 exemplaires, directement inspir\u00e9e de l\u2019histoire du mod\u00e8le.<\/p>\n\n\n\n<h2 id=\"un-tracteur-qui-a-marque-l-evolution-technologique\" class=\"wp-block-heading\"><strong>Un tracteur qui a marqu\u00e9 l\u2019\u00e9volution technologique<\/strong><\/h2>\n\n\n\n<p class=\"wp-block-paragraph\">Lorsque Fendt pr\u00e9sente le 900 Vario au milieu des ann\u00e9es 90, le constructeur introduit une technologie qui va durablement transformer le march\u00e9 : la transmission Vario \u00e0 variation continue.<\/p>\n\n\n\n<p class=\"wp-block-paragraph\">\u00c0 l\u2019\u00e9poque, cette innovation ouvre de nouvelles perspectives en mati\u00e8re de confort, de gestion de la puissance et de pr\u00e9cision au travail. Depuis, le 900 Vario a servi de base au d\u00e9veloppement de nombreuses technologies qui \u00e9quipent aujourd\u2019hui une grande partie des tracteurs modernes.<\/p>\n\n\n\n<p class=\"wp-block-paragraph\">Au fil de ses sept g\u00e9n\u00e9rations, la gamme a notamment vu arriver :<\/p>\n\n\n\n<ul class=\"wp-block-list\">\n<li>le Varioterminal<\/li>\n\n\n\n<li>le syst\u00e8me de gestion de pression des pneus VarioGrip<\/li>\n\n\n\n<li>l\u2019ABS pour tracteurs<\/li>\n\n\n\n<li>et plusieurs \u00e9volutions en hydraulique et guidage<\/li>\n<\/ul>\n\n\n\n<p class=\"wp-block-paragraph\">Des technologies devenues essentielles sur de nombreux chantiers utilisant aujourd\u2019hui des <a href=\"https:\/\/www.lagriculteur.fr\/2435-dechaumeurs\" data-type=\"link\" data-id=\"https:\/\/www.lagriculteur.fr\/2435-dechaumeurs\">d\u00e9chaumeurs<\/a>, des <a href=\"https:\/\/www.lagriculteur.fr\/2427-cultivateurs\">cultivateurs<\/a> ou encore des outils de semis de grande largeur.<\/p>\n\n\n\n<p class=\"wp-block-paragraph\"><strong>A d\u00e9couvrir sur notre boutique <\/strong><\/p>\n\n\n<div class=\"pswp-if-wrp\"><iframe src=\"https:\/\/www.lagriculteur.fr\/module\/prestawp\/products?1&category_ids=2466&limit=3&limit_mobile=1&order_by=rand&pswp_blank=1&content_only=1&isolang=fr\" class=\"pswp-iframe\" frameborder=\"0\" scrolling=\"no\" onload=\"pswp_hideLoader(this)\"><\/iframe><\/div>\n\n\n\n<hr class=\"wp-block-separator has-alpha-channel-opacity is-style-wide\" style=\"margin-top:var(--wp--preset--spacing--50);margin-bottom:var(--wp--preset--spacing--50)\"\/>\n\n\n\n<h2 id=\"une-gamme-devenue-reference-sur-le-segment-forte-puissance\" class=\"wp-block-heading\"><strong>Une gamme devenue r\u00e9f\u00e9rence sur le segment forte puissance<\/strong><\/h2>\n\n\n\n<p class=\"wp-block-paragraph\">Pendant pr\u00e8s de vingt ans, le 900 Vario a occup\u00e9 la place de haut de gamme chez Fendt avant l\u2019arriv\u00e9e de s\u00e9ries plus puissantes.<\/p>\n\n\n\n<p class=\"wp-block-paragraph\">Son positionnement reste strat\u00e9gique sur les exploitations de grandes cultures, les ETA et les chantiers demandant polyvalence et puissance, notamment pour le travail du sol profond ou les interventions lourdes.<\/p>\n\n\n\n<p class=\"wp-block-paragraph\">Sa compacit\u00e9 relative, sa capacit\u00e9 de traction et son confort de conduite lui ont permis de s\u2019imposer sur de nombreux march\u00e9s internationaux.<\/p>\n\n\n\n<p class=\"wp-block-paragraph\">Aujourd\u2019hui encore, ce segment reste particuli\u00e8rement adapt\u00e9 aux outils sollicitant fortement les pi\u00e8ces d\u2019usure agricoles, comme les <a href=\"https:\/\/www.lagriculteur.fr\/2466-socs-de-dechaumeurs\">socs de d\u00e9chaumeurs<\/a> ou les \u00e9quipements de pr\u00e9paration intensive du sol.<\/p>\n\n\n\n<figure class=\"wp-block-image size-large\"><img loading=\"lazy\" decoding=\"async\" width=\"1024\" height=\"240\" src=\"https:\/\/www.lagriculteur.fr\/blog\/wp-content\/uploads\/2026\/06\/capture-decran-2026-06-29-124055-1024x240.png\" alt=\"capture d'\u00e9cran 2026 06 29 124055\" class=\"wp-image-9114\" srcset=\"https:\/\/www.lagriculteur.fr\/blog\/wp-content\/uploads\/2026\/06\/capture-decran-2026-06-29-124055-1024x240.png 1024w, https:\/\/www.lagriculteur.fr\/blog\/wp-content\/uploads\/2026\/06\/capture-decran-2026-06-29-124055-300x70.png 300w, https:\/\/www.lagriculteur.fr\/blog\/wp-content\/uploads\/2026\/06\/capture-decran-2026-06-29-124055-768x180.png 768w, https:\/\/www.lagriculteur.fr\/blog\/wp-content\/uploads\/2026\/06\/capture-decran-2026-06-29-124055.png 1047w\" sizes=\"auto, (max-width: 1024px) 100vw, 1024px\" \/><\/figure>\n\n\n\n<h2 id=\"une-edition-anniversaire-au-style-historique\" class=\"wp-block-heading\"><strong>Une \u00e9dition anniversaire au style historique<\/strong><\/h2>\n\n\n\n<p class=\"wp-block-paragraph\">Pour cet anniversaire, Fendt mise sur une s\u00e9rie collector qui reprend certains codes esth\u00e9tiques de la Design Line de 2005.<\/p>\n\n\n\n<p class=\"wp-block-paragraph\">Cette \u00e9dition limit\u00e9e int\u00e8gre plusieurs \u00e9l\u00e9ments distinctifs :<\/p>\n\n\n\n<ul class=\"wp-block-list\">\n<li>pack chrom\u00e9 sur la grille et l\u2019\u00e9chappement<\/li>\n\n\n\n<li>seuil de porte grav\u00e9 avec logo anniversaire<\/li>\n\n\n\n<li>tapis de sol brod\u00e9<\/li>\n\n\n\n<li>badge sp\u00e9cifique sur le capot<\/li>\n\n\n\n<li>si\u00e8ge SuperComfort en cuir titane avec broderie d\u00e9di\u00e9e<\/li>\n<\/ul>\n\n\n\n<p class=\"wp-block-paragraph\">Cinq finitions sont propos\u00e9es, avec plusieurs combinaisons de couleurs inspir\u00e9es des anciennes g\u00e9n\u00e9rations.<\/p>\n\n\n\n<figure class=\"wp-block-image size-large\"><img loading=\"lazy\" decoding=\"async\" width=\"1024\" height=\"241\" src=\"https:\/\/www.lagriculteur.fr\/blog\/wp-content\/uploads\/2026\/06\/capture-decran-2026-06-29-124105-1024x241.png\" alt=\"capture d'\u00e9cran 2026 06 29 124105\" class=\"wp-image-9107\" srcset=\"https:\/\/www.lagriculteur.fr\/blog\/wp-content\/uploads\/2026\/06\/capture-decran-2026-06-29-124105-1024x241.png 1024w, https:\/\/www.lagriculteur.fr\/blog\/wp-content\/uploads\/2026\/06\/capture-decran-2026-06-29-124105-300x71.png 300w, https:\/\/www.lagriculteur.fr\/blog\/wp-content\/uploads\/2026\/06\/capture-decran-2026-06-29-124105-768x181.png 768w, https:\/\/www.lagriculteur.fr\/blog\/wp-content\/uploads\/2026\/06\/capture-decran-2026-06-29-124105.png 1046w\" sizes=\"auto, (max-width: 1024px) 100vw, 1024px\" \/><\/figure>\n\n\n\n<p class=\"wp-block-paragraph\">Avec seulement 300 unit\u00e9s produites, cette version s\u2019adresse autant aux utilisateurs fid\u00e8les de la marque qu\u2019aux collectionneurs.<\/p>\n\n\n\n<p class=\"wp-block-paragraph\">Lire aussi &gt;&gt; <a href=\"https:\/\/www.lagriculteur.fr\/blog\/veloce-t-maschio-gaspardo-passe-aux-disques-de-560-mm\/\" data-type=\"link\" data-id=\"https:\/\/www.lagriculteur.fr\/blog\/veloce-t-maschio-gaspardo-passe-aux-disques-de-560-mm\/\">Veloce T : Maschio Gaspardo passe aux disques de 560 mm<\/a><\/p>\n\n\n\n<h2 id=\"un-symbole-fort-pour-fendt\" class=\"wp-block-heading\"><strong>Un symbole fort pour Fendt<\/strong><\/h2>\n\n\n\n<p class=\"wp-block-paragraph\">Avec ce cap des 50 000 unit\u00e9s produites, le 900 Vario confirme son statut de mod\u00e8le historique dans le machinisme agricole.<\/p>\n\n\n\n<p class=\"wp-block-paragraph\">Au-del\u00e0 du volume produit, cette s\u00e9rie illustre surtout l\u2019\u00e9volution des attentes du terrain : plus de puissance, plus de pr\u00e9cision, plus de polyvalence.<\/p>\n\n\n\n<p class=\"wp-block-paragraph\">Trente ans apr\u00e8s son lancement, le 900 Vario reste l\u2019un des tracteurs les plus repr\u00e9sentatifs de cette transformation.<\/p>\n","protected":false},"excerpt":{"rendered":"<p>Fendt marque un cap symbolique pour l\u2019un de ses tracteurs les plus embl\u00e9matiques. En juillet 2026, le constructeur allemand sortira le 50 000e exemplaire du 900 Vario, une s\u00e9rie qui f\u00eate cette ann\u00e9e ses 30 ans de carri\u00e8re. Lanc\u00e9e commercialement en 1996 avec le 926 Vario, cette gamme a profond\u00e9ment marqu\u00e9 l\u2019\u00e9volution du march\u00e9 des [&hellip;]<\/p>\n","protected":false},"author":6,"featured_media":9113,"comment_status":"open","ping_status":"open","sticky":false,"template":"","format":"standard","meta":{"_acf_changed":false,"_seopress_titles_title":"Fendt c\u00e9l\u00e8bre les 30 ans du 900 Vario avec une \u00e9dition limit\u00e9e","_seopress_titles_desc":"Fendt f\u00eate les 30 ans et le 50 000e exemplaire du 900 Vario avec une \u00e9dition sp\u00e9ciale limit\u00e9e \u00e0 300 tracteurs, inspir\u00e9e de l\u2019histoire de la gamme","_seopress_robots_index":"","_seopress_robots_follow":"","_seopress_robots_imageindex":"","_seopress_robots_snippet":"","_seopress_robots_primary_cat":"","_seopress_robots_breadcrumbs":"","_seopress_robots_freeze_modified_date":"","_seopress_robots_custom_modified_date":"","_seopress_robots_canonical":"","_seopress_social_fb_title":"","_seopress_social_fb_desc":"","_seopress_social_fb_img":"","_seopress_social_fb_img_attachment_id":0,"_seopress_social_fb_img_width":0,"_seopress_social_fb_img_height":0,"_seopress_social_twitter_title":"","_seopress_social_twitter_desc":"","_seopress_social_twitter_img":"","_seopress_social_twitter_img_attachment_id":0,"_seopress_social_twitter_img_width":0,"_seopress_social_twitter_img_height":0,"_seopress_redirections_value":"","_seopress_redirections_enabled":"","_seopress_redirections_enabled_regex":"","_seopress_redirections_logged_status":"","_seopress_redirections_param":"","_seopress_redirections_type":0,"_seopress_analysis_target_kw":"","_seopress_news_disabled":"","_seopress_video_disabled":"","_seopress_video":[],"_seopress_pro_schemas_manual":[],"_seopress_pro_rich_snippets_disable_all":"","_seopress_pro_rich_snippets_disable":[],"_seopress_pro_schemas":[],"_gspb_post_css":"","footnotes":""},"categories":[365],"tags":[],"libelle":[],"class_list":["post-9104","post","type-post","status-publish","format-standard","has-post-thumbnail","category-innovation"],"blocksy_meta":{"styles_descriptor":{"styles":{"desktop":"","tablet":"","mobile":""},"google_fonts":[],"version":7}},"acf":[],"_links":{"self":[{"href":"https:\/\/www.lagriculteur.fr\/blog\/wp-json\/wp\/v2\/posts\/9104","targetHints":{"allow":["GET"]}}],"collection":[{"href":"https:\/\/www.lagriculteur.fr\/blog\/wp-json\/wp\/v2\/posts"}],"about":[{"href":"https:\/\/www.lagriculteur.fr\/blog\/wp-json\/wp\/v2\/types\/post"}],"author":[{"embeddable":true,"href":"https:\/\/www.lagriculteur.fr\/blog\/wp-json\/wp\/v2\/users\/6"}],"replies":[{"embeddable":true,"href":"https:\/\/www.lagriculteur.fr\/blog\/wp-json\/wp\/v2\/comments?post=9104"}],"version-history":[{"count":6,"href":"https:\/\/www.lagriculteur.fr\/blog\/wp-json\/wp\/v2\/posts\/9104\/revisions"}],"predecessor-version":[{"id":9115,"href":"https:\/\/www.lagriculteur.fr\/blog\/wp-json\/wp\/v2\/posts\/9104\/revisions\/9115"}],"wp:featuredmedia":[{"embeddable":true,"href":"https:\/\/www.lagriculteur.fr\/blog\/wp-json\/wp\/v2\/media\/9113"}],"wp:attachment":[{"href":"https:\/\/www.lagriculteur.fr\/blog\/wp-json\/wp\/v2\/media?parent=9104"}],"wp:term":[{"taxonomy":"category","embeddable":true,"href":"https:\/\/www.lagriculteur.fr\/blog\/wp-json\/wp\/v2\/categories?post=9104"},{"taxonomy":"post_tag","embeddable":true,"href":"https:\/\/www.lagriculteur.fr\/blog\/wp-json\/wp\/v2\/tags?post=9104"},{"taxonomy":"libelle","embeddable":true,"href":"https:\/\/www.lagriculteur.fr\/blog\/wp-json\/wp\/v2\/libelle?post=9104"}],"curies":[{"name":"wp","href":"https:\/\/api.w.org\/{rel}","templated":true}]}}